{"id":1868,"date":"2019-02-20T15:30:43","date_gmt":"2019-02-20T15:30:43","guid":{"rendered":"http:\/\/graenaorkan.is\/?p=1868"},"modified":"2019-02-20T15:30:43","modified_gmt":"2019-02-20T15:30:43","slug":"nordmenn-stydja-vid-vetnisvaedingu-ferja","status":"publish","type":"post","link":"https:\/\/graenaorkan.is\/?p=1868","title":{"rendered":"Nor\u00f0menn sty\u00f0ja vi\u00f0 vetnisv\u00e6\u00f0ingu ferja"},"content":{"rendered":"<p><img decoding=\"async\" src=\"https:\/\/img.gfx.no\/1957\/1957307\/Fiskerstrand_Hydrogen-ferge__MM_design.jpg\" alt=\"Image result for fiskerstrand hydrogen ferge\" \/><\/p>\n<p>Undanfarin \u00e1r hafa Nor\u00f0menn unni\u00f0 a\u00f0 \u00fev\u00ed h\u00f6r\u00f0um h\u00f6ndum a\u00f0 draga \u00far kolefnisf\u00f3tspori \u00ed samg\u00f6ngu \u00e1 landi og hafi og \u00fear hefur norska Vegager\u00f0in leiki\u00f0 lykilhlutverk, enda eru ferjur hluti af vegakerfi landsins. S\u00ed\u00f0an 2016 hafa nokkur verkefni sprotti\u00f0 upp sem mi\u00f0a a\u00f0 h\u00f6nnun og sm\u00ed\u00f0i skipa sem ekki hafa \u00ed f\u00f6r me\u00f0 s\u00e9r \u00fatbl\u00e1stur (e. zero emission) og \u00e6tlu\u00f0 eru til siglinga \u00e1 lengri lei\u00f0um en \u00feeim sem b\u00e1tar b\u00fanir rafhl\u00f6\u00f0um geta sinnt. \u00dear m\u00e1 helst nefna verkefni\u00f0 HYBRIDShip sem mun sj\u00f3setja vetnisferju \u00e1ri\u00f0 2020.<\/p>\n<p>N\u00e1nar um \u00feetta og \u00fer\u00f3un vetnis- og rafhl\u00f6\u00f0ut\u00e6kni fyrir skip<a href=\"https:\/\/www.dnvgl.com\/expert-story\/maritime-impact\/Power-ahead-with-hydrogen-ferries.html\"> \u00ed grein DNV GL<\/a>, sem ber heiti\u00f0\u00a0<em>Power ahead with hydrogen ferries<\/em>.<\/p>\n","protected":false},"excerpt":{"rendered":"<p>Undanfarin \u00e1r hafa Nor\u00f0menn unni\u00f0 a\u00f0 \u00fev\u00ed h\u00f6r\u00f0um h\u00f6ndum a\u00f0 draga \u00far kolefnisf\u00f3tspori \u00ed samg\u00f6ngu \u00e1 landi og hafi og \u00fear hefur norska Vegager\u00f0in leiki\u00f0 lykilhlutverk, enda eru ferjur hluti af vegakerfi landsins. S\u00ed\u00f0an 2016 hafa nokkur verkefni sprotti\u00f0 upp &hellip; <a href=\"https:\/\/graenaorkan.is\/?p=1868\">Continue reading <span class=\"meta-nav\">&rarr;<\/span><\/a><\/p>\n","protected":false},"author":5,"featured_media":0,"comment_status":"closed","ping_status":"closed","sticky":false,"template":"","format":"standard","meta":[],"categories":[23,10,18,21,11],"tags":[],"_links":{"self":[{"href":"https:\/\/graenaorkan.is\/index.php?rest_route=\/wp\/v2\/posts\/1868"}],"collection":[{"href":"https:\/\/graenaorkan.is\/index.php?rest_route=\/wp\/v2\/posts"}],"about":[{"href":"https:\/\/graenaorkan.is\/index.php?rest_route=\/wp\/v2\/types\/post"}],"author":[{"embeddable":true,"href":"https:\/\/graenaorkan.is\/index.php?rest_route=\/wp\/v2\/users\/5"}],"replies":[{"embeddable":true,"href":"https:\/\/graenaorkan.is\/index.php?rest_route=%2Fwp%2Fv2%2Fcomments&post=1868"}],"version-history":[{"count":1,"href":"https:\/\/graenaorkan.is\/index.php?rest_route=\/wp\/v2\/posts\/1868\/revisions"}],"predecessor-version":[{"id":1869,"href":"https:\/\/graenaorkan.is\/index.php?rest_route=\/wp\/v2\/posts\/1868\/revisions\/1869"}],"wp:attachment":[{"href":"https:\/\/graenaorkan.is\/index.php?rest_route=%2Fwp%2Fv2%2Fmedia&parent=1868"}],"wp:term":[{"taxonomy":"category","embeddable":true,"href":"https:\/\/graenaorkan.is\/index.php?rest_route=%2Fwp%2Fv2%2Fcategories&post=1868"},{"taxonomy":"post_tag","embeddable":true,"href":"https:\/\/graenaorkan.is\/index.php?rest_route=%2Fwp%2Fv2%2Ftags&post=1868"}],"curies":[{"name":"wp","href":"https:\/\/api.w.org\/{rel}","templated":true}]}}