{"id":1875,"date":"2019-03-11T11:20:23","date_gmt":"2019-03-11T11:20:23","guid":{"rendered":"http:\/\/graenaorkan.is\/?p=1875"},"modified":"2019-03-11T11:20:47","modified_gmt":"2019-03-11T11:20:47","slug":"hadegisfyrirlestur-15-mars-um-lifeldsneyti","status":"publish","type":"post","link":"https:\/\/graenaorkan.is\/?p=1875","title":{"rendered":"H\u00e1degisfyrirlestur 15. mars um l\u00edfeldsneyti"},"content":{"rendered":"<p><img decoding=\"async\" loading=\"lazy\" class=\"aligncenter\" src=\"https:\/\/scontent.frkv2-1.fna.fbcdn.net\/v\/t1.0-9\/53464703_1969859216476113_4835934807936466944_n.jpg?_nc_cat=106&amp;_nc_eui2=AeEXVfnPD-5QIoFjwLQ1vpW3p9i3nQg1qRYEdbur01e4f2ay6Cdi41fa_HRXOUUDBmrG-QEz5npWNSDdw2PauFwK35ywo_cPBSXWU0nt18prYA&amp;_nc_ht=scontent.frkv2-1.fna&amp;oh=7fa81817be122d857b29ad192f24fd00&amp;oe=5D215FE4\" alt=\"No photo description available.\" width=\"376\" height=\"218\" \/><\/p>\n<p>F\u00f6studaginn 15. mars ver\u00f0ur \u00e1ttundi vi\u00f0bur\u00f0ur \u00ed fyrirlestrar\u00f6\u00f0 Gr\u00e6nu orkunnar og Orkustofnunar. A\u00f0 \u00feessu sinni munum vi\u00f0 fjalla um innlenda framlei\u00f0slu l\u00edfeldsneytis.<\/p>\n<p>Fyrirkomulagi\u00f0 me\u00f0 hef\u00f0bundnum h\u00e6tti, h\u00fasi\u00f0 opnar klukkan 11:30 me\u00f0 l\u00e9ttum veitingum en formleg dagskr\u00e1 er 12:00-13:00.<\/p>\n<p>Hjalti \u00de\u00f3r Vignisson, framkv\u00e6mdastj\u00f3ri s\u00f6lu og \u00fer\u00f3unar hj\u00e1 Skinney-\u00deinganesi og Sandra R\u00e1n \u00c1sgr\u00edmsd\u00f3ttir hj\u00e1 Mannviti munu fjalla um verkefni sem sn\u00fdr a\u00f0 repjur\u00e6ktun og framlei\u00f0slu \u00e1 umhverfisv\u00e6nni skipaol\u00edu og er unni\u00f0 \u00ed samstarfi vi\u00f0 Samg\u00f6ngustofu. \u00deess m\u00e1 geta a\u00f0 \u00ed okt\u00f3ber s\u00ed\u00f0astli\u00f0num hlaut Skinney-\u00deinganes umhverfisver\u00f0laun atvinnul\u00edfsins fyrir framtak \u00e1rsins \u00e1 svi\u00f0i umhverfism\u00e1la. Fleiri erindi um l\u00edfeldsneyti ver\u00f0a sta\u00f0fest \u00e1 n\u00e6stu d\u00f6gum.<\/p>\n<p>Fyrirlestrarnir fara fram \u00ed Orkugar\u00f0i, Grens\u00e1svegi 9 en \u00feanga\u00f0 ganga str\u00e6tisvagnar n\u00famer 2, 3, 6, 14, 15, og 17 og yfirbygg\u00f0 hj\u00f3lageymsla er \u00e1 bakvi\u00f0 h\u00fasalengjuna, vi\u00f0 hli\u00f0ina \u00e1 Frumherja.<br \/>\nVi\u00f0bur\u00f0urinn er \u00f6llum opinn, a\u00f0gangur \u00f3keypis og ver\u00f0ur honum streymt.<\/p>\n<p>Sj\u00e1 n\u00e1nar um <a href=\"https:\/\/www.facebook.com\/events\/401871293922699\/\">vi\u00f0bur\u00f0inn h\u00e9r<\/a>\u00a0\u00e1 Facebook.<\/p>\n","protected":false},"excerpt":{"rendered":"<p>F\u00f6studaginn 15. mars ver\u00f0ur \u00e1ttundi vi\u00f0bur\u00f0ur \u00ed fyrirlestrar\u00f6\u00f0 Gr\u00e6nu orkunnar og Orkustofnunar. A\u00f0 \u00feessu sinni munum vi\u00f0 fjalla um innlenda framlei\u00f0slu l\u00edfeldsneytis. Fyrirkomulagi\u00f0 me\u00f0 hef\u00f0bundnum h\u00e6tti, h\u00fasi\u00f0 opnar klukkan 11:30 me\u00f0 l\u00e9ttum veitingum en formleg dagskr\u00e1 er 12:00-13:00. Hjalti \u00de\u00f3r &hellip; <a href=\"https:\/\/graenaorkan.is\/?p=1875\">Continue reading <span class=\"meta-nav\">&rarr;<\/span><\/a><\/p>\n","protected":false},"author":5,"featured_media":0,"comment_status":"closed","ping_status":"closed","sticky":false,"template":"","format":"standard","meta":[],"categories":[5,12,19,27],"tags":[],"_links":{"self":[{"href":"https:\/\/graenaorkan.is\/index.php?rest_route=\/wp\/v2\/posts\/1875"}],"collection":[{"href":"https:\/\/graenaorkan.is\/index.php?rest_route=\/wp\/v2\/posts"}],"about":[{"href":"https:\/\/graenaorkan.is\/index.php?rest_route=\/wp\/v2\/types\/post"}],"author":[{"embeddable":true,"href":"https:\/\/graenaorkan.is\/index.php?rest_route=\/wp\/v2\/users\/5"}],"replies":[{"embeddable":true,"href":"https:\/\/graenaorkan.is\/index.php?rest_route=%2Fwp%2Fv2%2Fcomments&post=1875"}],"version-history":[{"count":2,"href":"https:\/\/graenaorkan.is\/index.php?rest_route=\/wp\/v2\/posts\/1875\/revisions"}],"predecessor-version":[{"id":1877,"href":"https:\/\/graenaorkan.is\/index.php?rest_route=\/wp\/v2\/posts\/1875\/revisions\/1877"}],"wp:attachment":[{"href":"https:\/\/graenaorkan.is\/index.php?rest_route=%2Fwp%2Fv2%2Fmedia&parent=1875"}],"wp:term":[{"taxonomy":"category","embeddable":true,"href":"https:\/\/graenaorkan.is\/index.php?rest_route=%2Fwp%2Fv2%2Fcategories&post=1875"},{"taxonomy":"post_tag","embeddable":true,"href":"https:\/\/graenaorkan.is\/index.php?rest_route=%2Fwp%2Fv2%2Ftags&post=1875"}],"curies":[{"name":"wp","href":"https:\/\/api.w.org\/{rel}","templated":true}]}}