{"id":1883,"date":"2019-03-29T15:35:48","date_gmt":"2019-03-29T15:35:48","guid":{"rendered":"http:\/\/graenaorkan.is\/?p=1883"},"modified":"2019-03-29T16:00:16","modified_gmt":"2019-03-29T16:00:16","slug":"fyrirlestur-norska-rafbilasambandsins-10-april","status":"publish","type":"post","link":"https:\/\/graenaorkan.is\/?p=1883","title":{"rendered":"Fyrirlestur norska rafb\u00edlasambandsins 10. apr\u00edl"},"content":{"rendered":"<p><a href=\"https:\/\/graenaorkan.is\/wp-content\/uploads\/2019\/03\/rIs55CC1_400x400.jpg\"><img decoding=\"async\" loading=\"lazy\" class=\"aligncenter size-medium wp-image-1884\" src=\"https:\/\/graenaorkan.is\/wp-content\/uploads\/2019\/03\/rIs55CC1_400x400-300x300.jpg\" alt=\"\" width=\"300\" height=\"300\" srcset=\"https:\/\/graenaorkan.is\/wp-content\/uploads\/2019\/03\/rIs55CC1_400x400-300x300.jpg 300w, https:\/\/graenaorkan.is\/wp-content\/uploads\/2019\/03\/rIs55CC1_400x400-150x150.jpg 150w, https:\/\/graenaorkan.is\/wp-content\/uploads\/2019\/03\/rIs55CC1_400x400-200x200.jpg 200w, https:\/\/graenaorkan.is\/wp-content\/uploads\/2019\/03\/rIs55CC1_400x400.jpg 400w\" sizes=\"(max-width: 300px) 100vw, 300px\" \/><\/a><\/p>\n<p>\u00c1rangur Nor\u00f0manna \u00ed rafb\u00edlav\u00e6\u00f0ingu er al\u00feekktur um allan heim. \u00c1 einungis 7 \u00e1rum hefur fj\u00f6ldi vistv\u00e6nna bifrei\u00f0a \u00fear \u00ed landi aukist \u00far innan vi\u00f0 10.000 \u00ed t\u00e6plega 250.000 en fj\u00f6ldi hreinna rafb\u00edla nam 162.500 \u00ed lok \u00e1rs 2018. \u00c1rangur \u00feennan m\u00e1 einkum \u00feakka v\u00ed\u00f0t\u00e6kum \u00edvilnunum til langs t\u00edma sem kaupendur \u00feessara b\u00edla hafa noti\u00f0 og einhugar stj\u00f3rnvalda um a\u00f0 li\u00f0ka fyrir uppt\u00f6ku vistv\u00e6nna b\u00edla.<\/p>\n<p>\u00deann 10. apr\u00edl n\u00e6stkomandi mun Erik Lorentzen fr\u00e1 norska rafb\u00edlasambandinu (Norsk elbilforening) halda fyrirlestur um rafb\u00edlav\u00e6\u00f0ingu Noregs og n\u00e6stu skref til framt\u00ed\u00f0ar. Vi\u00f0bur\u00f0urinn fer fram \u00ed sal Orkuveitu Reykjav\u00edkur a\u00f0 B\u00e6jarh\u00e1lsi 1. H\u00fasi\u00f0 opnar klukkan 11:30 en formleg dagskr\u00e1 fer fram milli 12 og 13.<br \/>\nA\u00f0gangur er \u00f3keypis og fundurinn er opinn \u00f6llum \u00e1 me\u00f0an h\u00fasr\u00fam leyfir.<\/p>\n<p>Sj\u00e1 n\u00e1nar \u00ed <a href=\"https:\/\/www.facebook.com\/events\/412734276160234\/\">vi\u00f0bur\u00f0i \u00e1 Facebook<\/a>.<\/p>\n","protected":false},"excerpt":{"rendered":"<p>\u00c1rangur Nor\u00f0manna \u00ed rafb\u00edlav\u00e6\u00f0ingu er al\u00feekktur um allan heim. \u00c1 einungis 7 \u00e1rum hefur fj\u00f6ldi vistv\u00e6nna bifrei\u00f0a \u00fear \u00ed landi aukist \u00far innan vi\u00f0 10.000 \u00ed t\u00e6plega 250.000 en fj\u00f6ldi hreinna rafb\u00edla nam 162.500 \u00ed lok \u00e1rs 2018. \u00c1rangur \u00feennan &hellip; <a href=\"https:\/\/graenaorkan.is\/?p=1883\">Continue reading <span class=\"meta-nav\">&rarr;<\/span><\/a><\/p>\n","protected":false},"author":5,"featured_media":0,"comment_status":"closed","ping_status":"closed","sticky":false,"template":"","format":"standard","meta":[],"categories":[3,5,20,18],"tags":[],"_links":{"self":[{"href":"https:\/\/graenaorkan.is\/index.php?rest_route=\/wp\/v2\/posts\/1883"}],"collection":[{"href":"https:\/\/graenaorkan.is\/index.php?rest_route=\/wp\/v2\/posts"}],"about":[{"href":"https:\/\/graenaorkan.is\/index.php?rest_route=\/wp\/v2\/types\/post"}],"author":[{"embeddable":true,"href":"https:\/\/graenaorkan.is\/index.php?rest_route=\/wp\/v2\/users\/5"}],"replies":[{"embeddable":true,"href":"https:\/\/graenaorkan.is\/index.php?rest_route=%2Fwp%2Fv2%2Fcomments&post=1883"}],"version-history":[{"count":1,"href":"https:\/\/graenaorkan.is\/index.php?rest_route=\/wp\/v2\/posts\/1883\/revisions"}],"predecessor-version":[{"id":1885,"href":"https:\/\/graenaorkan.is\/index.php?rest_route=\/wp\/v2\/posts\/1883\/revisions\/1885"}],"wp:attachment":[{"href":"https:\/\/graenaorkan.is\/index.php?rest_route=%2Fwp%2Fv2%2Fmedia&parent=1883"}],"wp:term":[{"taxonomy":"category","embeddable":true,"href":"https:\/\/graenaorkan.is\/index.php?rest_route=%2Fwp%2Fv2%2Fcategories&post=1883"},{"taxonomy":"post_tag","embeddable":true,"href":"https:\/\/graenaorkan.is\/index.php?rest_route=%2Fwp%2Fv2%2Ftags&post=1883"}],"curies":[{"name":"wp","href":"https:\/\/api.w.org\/{rel}","templated":true}]}}