{"id":1888,"date":"2019-04-15T13:50:04","date_gmt":"2019-04-15T13:50:04","guid":{"rendered":"http:\/\/graenaorkan.is\/?p=1888"},"modified":"2019-04-15T14:22:55","modified_gmt":"2019-04-15T14:22:55","slug":"adalfundur-graenu-orkunnar-4","status":"publish","type":"post","link":"https:\/\/graenaorkan.is\/?p=1888","title":{"rendered":"A\u00f0alfundur Gr\u00e6nu orkunnar"},"content":{"rendered":"<p><a href=\"https:\/\/graenaorkan.is\/wp-content\/uploads\/2019\/03\/rIs55CC1_400x400.jpg\"><img decoding=\"async\" loading=\"lazy\" class=\"aligncenter size-medium wp-image-1884\" src=\"https:\/\/graenaorkan.is\/wp-content\/uploads\/2019\/03\/rIs55CC1_400x400-300x300.jpg\" alt=\"\" width=\"300\" height=\"300\" srcset=\"https:\/\/graenaorkan.is\/wp-content\/uploads\/2019\/03\/rIs55CC1_400x400-300x300.jpg 300w, https:\/\/graenaorkan.is\/wp-content\/uploads\/2019\/03\/rIs55CC1_400x400-150x150.jpg 150w, https:\/\/graenaorkan.is\/wp-content\/uploads\/2019\/03\/rIs55CC1_400x400-200x200.jpg 200w, https:\/\/graenaorkan.is\/wp-content\/uploads\/2019\/03\/rIs55CC1_400x400.jpg 400w\" sizes=\"(max-width: 300px) 100vw, 300px\" \/><\/a><\/p>\n<p>A\u00f0alfundur Gr\u00e6nu orkunnar f\u00f3r fram mi\u00f0vikudaginn 10. apr\u00edl s\u00ed\u00f0astli\u00f0inn. \u00c1 fundinum voru tveir n\u00fdir stj\u00f3rnarmenn kj\u00f6rnir sem munu sitja \u00ed tv\u00f6 \u00e1r fyrir h\u00f6nd atvinnul\u00edfsins en \u00fea\u00f0 voru \u00feau Gunnar Valur Sveinsson, Samt\u00f6kum fer\u00f0a\u00fej\u00f3nustunnar, og Mar\u00eda J\u00f3na Magn\u00fasd\u00f3ttir, B\u00edlgreinasambandinu. Gr\u00e6na orkan b\u00fd\u00f0ur \u00feau velkomin til starfa og \u00feakkar jafnframt Gunnari P\u00e1li Stef\u00e1nssyni hj\u00e1 Mannviti fyrir \u00e1n\u00e6gjulegt samstarf undanfarin tv\u00f6 \u00e1r.<\/p>\n<p>A\u00f0 loknum a\u00f0alfundinum h\u00e9lt Erik Lorentzen, Norska rafb\u00edlasambandinu fyrirlestur um \u00fer\u00f3un rafb\u00edlav\u00e6\u00f0ingar \u00ed Noregi og n\u00e6stu skref hennar til framt\u00ed\u00f0ar. Um 70 manns m\u00e6ttu \u00e1 fyrirlesturinn en einnig var streymt fr\u00e1 fundinum \u00ed beinni \u00fatsendingu \u00e1 Facebook. <a href=\"https:\/\/www.facebook.com\/events\/412734276160234\/permalink\/420950355338626\/\">H\u00e9r m\u00e1 finna<\/a> uppt\u00f6ku af fyrirlestrinum og <a href=\"https:\/\/graenaorkan.is\/wp-content\/uploads\/2019\/04\/Iceland-april-2019-Norwegian-EV-Association.pdf\">h\u00e9r<\/a> m\u00e1 n\u00e1lgast gl\u00e6rur Eriks \u00e1 pdf sni\u00f0m\u00e1ti.<\/p>\n","protected":false},"excerpt":{"rendered":"<p>A\u00f0alfundur Gr\u00e6nu orkunnar f\u00f3r fram mi\u00f0vikudaginn 10. apr\u00edl s\u00ed\u00f0astli\u00f0inn. \u00c1 fundinum voru tveir n\u00fdir stj\u00f3rnarmenn kj\u00f6rnir sem munu sitja \u00ed tv\u00f6 \u00e1r fyrir h\u00f6nd atvinnul\u00edfsins en \u00fea\u00f0 voru \u00feau Gunnar Valur Sveinsson, Samt\u00f6kum fer\u00f0a\u00fej\u00f3nustunnar, og Mar\u00eda J\u00f3na Magn\u00fasd\u00f3ttir, B\u00edlgreinasambandinu. Gr\u00e6na &hellip; <a href=\"https:\/\/graenaorkan.is\/?p=1888\">Continue reading <span class=\"meta-nav\">&rarr;<\/span><\/a><\/p>\n","protected":false},"author":5,"featured_media":0,"comment_status":"closed","ping_status":"closed","sticky":false,"template":"","format":"standard","meta":[],"categories":[5,1,10],"tags":[],"_links":{"self":[{"href":"https:\/\/graenaorkan.is\/index.php?rest_route=\/wp\/v2\/posts\/1888"}],"collection":[{"href":"https:\/\/graenaorkan.is\/index.php?rest_route=\/wp\/v2\/posts"}],"about":[{"href":"https:\/\/graenaorkan.is\/index.php?rest_route=\/wp\/v2\/types\/post"}],"author":[{"embeddable":true,"href":"https:\/\/graenaorkan.is\/index.php?rest_route=\/wp\/v2\/users\/5"}],"replies":[{"embeddable":true,"href":"https:\/\/graenaorkan.is\/index.php?rest_route=%2Fwp%2Fv2%2Fcomments&post=1888"}],"version-history":[{"count":3,"href":"https:\/\/graenaorkan.is\/index.php?rest_route=\/wp\/v2\/posts\/1888\/revisions"}],"predecessor-version":[{"id":1892,"href":"https:\/\/graenaorkan.is\/index.php?rest_route=\/wp\/v2\/posts\/1888\/revisions\/1892"}],"wp:attachment":[{"href":"https:\/\/graenaorkan.is\/index.php?rest_route=%2Fwp%2Fv2%2Fmedia&parent=1888"}],"wp:term":[{"taxonomy":"category","embeddable":true,"href":"https:\/\/graenaorkan.is\/index.php?rest_route=%2Fwp%2Fv2%2Fcategories&post=1888"},{"taxonomy":"post_tag","embeddable":true,"href":"https:\/\/graenaorkan.is\/index.php?rest_route=%2Fwp%2Fv2%2Ftags&post=1888"}],"curies":[{"name":"wp","href":"https:\/\/api.w.org\/{rel}","templated":true}]}}