{"id":1894,"date":"2019-05-09T08:53:33","date_gmt":"2019-05-09T08:53:33","guid":{"rendered":"http:\/\/graenaorkan.is\/?p=1894"},"modified":"2019-05-09T08:53:33","modified_gmt":"2019-05-09T08:53:33","slug":"transport-research-arena-2020","status":"publish","type":"post","link":"https:\/\/graenaorkan.is\/?p=1894","title":{"rendered":"Transport Research Arena 2020"},"content":{"rendered":"<div class=\"\" data-block=\"true\" data-editor=\"84j7s\" data-offset-key=\"cppbe-0-0\">\n<div data-offset-key=\"cppbe-0-0\"><img decoding=\"async\" class=\"aligncenter\" src=\"https:\/\/traconference.eu\/files\/tra2020logo.png\" \/><\/div>\n<p class=\"_1mf _1mj\" data-offset-key=\"cppbe-0-0\"><span data-offset-key=\"cppbe-0-0\">Transport Research Arena 2020 (e\u00f0a TRA2020) er st\u00e6rsta t\u00e6knir\u00e1\u00f0stefna Evr\u00f3pu um samg\u00f6ngur. \u00c1 n\u00e6sta \u00e1ri ver\u00f0ur h\u00fan haldin \u00ed Helsinki undir yfirskriftinni &#8220;Transport and mobility (r)evolution for smart, green and integrated society&#8221;.<\/span><\/p>\n<\/div>\n<div class=\"\" data-block=\"true\" data-editor=\"84j7s\" data-offset-key=\"dmcbe-0-0\">\n<p class=\"_1mf _1mj\" data-offset-key=\"dmcbe-0-0\"><span data-offset-key=\"dmcbe-0-0\">Kalla\u00f0 hefur veri\u00f0 eftir erindum og skilafrestur \u00e1gripa er 31. ma\u00ed n\u00e6stkomandi.\u00a0<\/span>Sj\u00e1 n\u00e1nar \u00e1 <a href=\"https:\/\/traconference.eu\/call-for-submissions\/\">vefs\u00ed\u00f0u r\u00e1\u00f0stefnunnar<\/a>\u00a0og h\u00e9r fyrir ne\u00f0an \u00e1 ensku.<\/p>\n<\/div>\n<div data-offset-key=\"dmcbe-0-0\"><\/div>\n<div data-offset-key=\"dmcbe-0-0\">\n<h1><strong>Now is the time to submit your work to the TRA2020 in Helsinki!<\/strong><\/h1>\n<\/div>\n<div data-offset-key=\"dmcbe-0-0\">\n<p>Transport Research Arena (TRA) is the foremost European transport event that covers all transport modes and all aspects of mobility. The next edition of this biennial event will be held in Helsinki on the 27-30 of April in 2020. Under the conference theme \u201c<em>Rethinking transport \u2013 towards clean and inclusive mobility<\/em>\u201d\u00a0TRA2020 will focus on rethinking how with means of research and innovation, we can offer solutions what citizens are calling for.<\/p>\n<p>TRA offers a great venue for researchers, policy makers and industry representatives to get together and contribute to the discussion on how research and innovation can\u00a0 and how it should re-shape the mobility system. The conference provides a unique opportunity to hear about mobility trends in different parts of Europe, learn from achievements in industry as well as share best practices of policies and deployments.<\/p>\n<h2><strong>Call for Submission deadline extended until May 31<\/strong><\/h2>\n<p>Based on a number of extension requests, the deadline for both journal and conference track papers are extended until May 31. The scientific and technical sessions will comprise of research papers, the best of which will be published in peer-reviewed journals. All accepted papers will be included in the conference proceedings.<\/p>\n<p>You are welcome to submit a short conference paper or a full-length journal paper. <strong>A short conference paper consists of 2 \u2013 4 pages, and as approved, entitles you to a reduced admission fee at the TRA2020.<\/strong> Please see our web page for <a href=\"https:\/\/eur03.safelinks.protection.outlook.com\/?url=https%3A%2F%2Ftraconference.eu%2Fcall-for-submissions%2F&amp;data=02%7C01%7C%7C2d47029e115c4dc0ce1808d6d398dfbe%7C68d6b592500843b59b0423bec4e86cf7%7C0%7C0%7C636929050879511408&amp;sdata=AiJ2Of6jkUahkMF3dTLyuLhD0g2nGItX1dbwzHegv8o%3D&amp;reserved=0\">the Call for submissions<\/a> for full information\u00a0and submit your work through the online submission system <a href=\"https:\/\/eur03.safelinks.protection.outlook.com\/?url=https%3A%2F%2Ftra2020.exordo.com%2Flogin&amp;data=02%7C01%7C%7C2d47029e115c4dc0ce1808d6d398dfbe%7C68d6b592500843b59b0423bec4e86cf7%7C0%7C0%7C636929050879511408&amp;sdata=pUTIA64jn9Gj8M%2Ffw8q6BgIgGGLvSGYglflhEoB22R4%3D&amp;reserved=0\">Ex Ordo<\/a>.<\/p>\n<\/div>\n","protected":false},"excerpt":{"rendered":"<p>Transport Research Arena 2020 (e\u00f0a TRA2020) er st\u00e6rsta t\u00e6knir\u00e1\u00f0stefna Evr\u00f3pu um samg\u00f6ngur. \u00c1 n\u00e6sta \u00e1ri ver\u00f0ur h\u00fan haldin \u00ed Helsinki undir yfirskriftinni &#8220;Transport and mobility (r)evolution for smart, green and integrated society&#8221;. Kalla\u00f0 hefur veri\u00f0 eftir erindum og skilafrestur \u00e1gripa &hellip; <a href=\"https:\/\/graenaorkan.is\/?p=1894\">Continue reading <span class=\"meta-nav\">&rarr;<\/span><\/a><\/p>\n","protected":false},"author":5,"featured_media":0,"comment_status":"closed","ping_status":"closed","sticky":false,"template":"","format":"standard","meta":[],"categories":[5,18],"tags":[],"_links":{"self":[{"href":"https:\/\/graenaorkan.is\/index.php?rest_route=\/wp\/v2\/posts\/1894"}],"collection":[{"href":"https:\/\/graenaorkan.is\/index.php?rest_route=\/wp\/v2\/posts"}],"about":[{"href":"https:\/\/graenaorkan.is\/index.php?rest_route=\/wp\/v2\/types\/post"}],"author":[{"embeddable":true,"href":"https:\/\/graenaorkan.is\/index.php?rest_route=\/wp\/v2\/users\/5"}],"replies":[{"embeddable":true,"href":"https:\/\/graenaorkan.is\/index.php?rest_route=%2Fwp%2Fv2%2Fcomments&post=1894"}],"version-history":[{"count":5,"href":"https:\/\/graenaorkan.is\/index.php?rest_route=\/wp\/v2\/posts\/1894\/revisions"}],"predecessor-version":[{"id":1899,"href":"https:\/\/graenaorkan.is\/index.php?rest_route=\/wp\/v2\/posts\/1894\/revisions\/1899"}],"wp:attachment":[{"href":"https:\/\/graenaorkan.is\/index.php?rest_route=%2Fwp%2Fv2%2Fmedia&parent=1894"}],"wp:term":[{"taxonomy":"category","embeddable":true,"href":"https:\/\/graenaorkan.is\/index.php?rest_route=%2Fwp%2Fv2%2Fcategories&post=1894"},{"taxonomy":"post_tag","embeddable":true,"href":"https:\/\/graenaorkan.is\/index.php?rest_route=%2Fwp%2Fv2%2Ftags&post=1894"}],"curies":[{"name":"wp","href":"https:\/\/api.w.org\/{rel}","templated":true}]}}