{"id":1914,"date":"2019-06-06T22:25:32","date_gmt":"2019-06-06T22:25:32","guid":{"rendered":"http:\/\/graenaorkan.is\/?p=1914"},"modified":"2019-06-18T09:22:10","modified_gmt":"2019-06-18T09:22:10","slug":"utgafu-og-umraedufundur-um-vegvisi-hafsins-ondvegisseturs","status":"publish","type":"post","link":"https:\/\/graenaorkan.is\/?p=1914","title":{"rendered":"\u00datg\u00e1fu- og umr\u00e6\u00f0ufundur um Vegv\u00edsi Hafsins \u00d6ndvegisseturs"},"content":{"rendered":"<p>Gr\u00e6na orkan vekur athygli \u00e1 opnum fundi Hafsins \u2013 \u00d6ndvegisseturs \u00e1 morgun, f\u00f6studagin 7. j\u00fan\u00ed kl. 13:30-15:00 \u00ed Orkugar\u00f0i, Grens\u00e1svegi 9, 108 Reykjav\u00edk.<\/p>\n<p>N\u00fa er komi\u00f0 a\u00f0 \u00fatg\u00e1fu <a href=\"https:\/\/graenaorkan.is\/wp-content\/uploads\/2019\/06\/Hafi\u00f0-Vegv\u00edsir-2019-KynningarfundurFlyer3.pdf\">Vegv\u00edsis um vistv\u00e6nan sj\u00e1var\u00fatveg og haftengda starfsemi \u00e1 \u00cdslandi<\/a>, sem Hafi\u00f0 \u2013 \u00d6ndvegissetur hefur unni\u00f0 a\u00f0 s\u00ed\u00f0ustu misserin.<\/p>\n<p>Vegv\u00edsinum er \u00e6tla\u00f0 a\u00f0 gefa yfirs\u00fdn yfir tiltekna \u00fe\u00e6tti og vonast er til a\u00f0 hann veiti g\u00f3\u00f0an umr\u00e6\u00f0ugrundv\u00f6ll um \u00feau vi\u00f0fangsefni sem vi\u00f0 st\u00f6ndum frammi fyrir og best ver\u00f0a leyst me\u00f0 samstarfi, \u00fevert \u00e1 samf\u00e9lagi\u00f0.<\/p>\n<p>Vegv\u00edsirinn hefur veri\u00f0 gefinn \u00fat \u00e1 prenti og ver\u00f0ur honum dreift \u00e1 fundinum og <a href=\"https:\/\/graenaorkan.is\/wp-content\/uploads\/2019\/06\/HafidOndvegisseturVegvisir2019_net.pdf\">rafr\u00e6n \u00fatg\u00e1fa ger\u00f0 a\u00f0gengileg.<\/a><\/p>\n<p>Vi\u00f0 vonumst til a\u00f0 sem flestir sj\u00e1i s\u00e9r f\u00e6rt a\u00f0 m\u00e6ta, kynna s\u00e9r Vegv\u00edsi Hafsins og taka \u00fe\u00e1tt \u00ed \u00e1hugaver\u00f0um umr\u00e6\u00f0um um m\u00e1lefnin. Fundurinn er \u00f6llum opinn, me\u00f0an h\u00fasr\u00fam leyfir en a\u00f0 honum loknum <a href=\"http:\/\/hafid.info\/2019\/06\/vegvisir-um-vistvaenan-sjavarutveg-og-haftengda-starfsemi-a-islandi\/\">ver\u00f0ur upptaka a\u00f0gengileg h\u00e9r<\/a>.<\/p>\n<p><a href=\"https:\/\/graenaorkan.is\/wp-content\/uploads\/2019\/06\/Vegv\u00edsir_Kynningarfundur7J\u00fan\u00ed2019.jpg\"><img decoding=\"async\" loading=\"lazy\" class=\"aligncenter size-full wp-image-1920\" src=\"https:\/\/graenaorkan.is\/wp-content\/uploads\/2019\/06\/Vegv\u00edsir_Kynningarfundur7J\u00fan\u00ed2019.jpg\" alt=\"\" width=\"614\" height=\"851\" srcset=\"https:\/\/graenaorkan.is\/wp-content\/uploads\/2019\/06\/Vegv\u00edsir_Kynningarfundur7J\u00fan\u00ed2019.jpg 614w, https:\/\/graenaorkan.is\/wp-content\/uploads\/2019\/06\/Vegv\u00edsir_Kynningarfundur7J\u00fan\u00ed2019-216x300.jpg 216w, https:\/\/graenaorkan.is\/wp-content\/uploads\/2019\/06\/Vegv\u00edsir_Kynningarfundur7J\u00fan\u00ed2019-144x200.jpg 144w\" sizes=\"(max-width: 614px) 100vw, 614px\" \/><\/a><\/p>\n","protected":false},"excerpt":{"rendered":"<p>Gr\u00e6na orkan vekur athygli \u00e1 opnum fundi Hafsins \u2013 \u00d6ndvegisseturs \u00e1 morgun, f\u00f6studagin 7. j\u00fan\u00ed kl. 13:30-15:00 \u00ed Orkugar\u00f0i, Grens\u00e1svegi 9, 108 Reykjav\u00edk. N\u00fa er komi\u00f0 a\u00f0 \u00fatg\u00e1fu Vegv\u00edsis um vistv\u00e6nan sj\u00e1var\u00fatveg og haftengda starfsemi \u00e1 \u00cdslandi, sem Hafi\u00f0 \u2013 &hellip; <a href=\"https:\/\/graenaorkan.is\/?p=1914\">Continue reading <span class=\"meta-nav\">&rarr;<\/span><\/a><\/p>\n","protected":false},"author":5,"featured_media":0,"comment_status":"closed","ping_status":"closed","sticky":false,"template":"","format":"standard","meta":[],"categories":[23,5,21],"tags":[],"_links":{"self":[{"href":"https:\/\/graenaorkan.is\/index.php?rest_route=\/wp\/v2\/posts\/1914"}],"collection":[{"href":"https:\/\/graenaorkan.is\/index.php?rest_route=\/wp\/v2\/posts"}],"about":[{"href":"https:\/\/graenaorkan.is\/index.php?rest_route=\/wp\/v2\/types\/post"}],"author":[{"embeddable":true,"href":"https:\/\/graenaorkan.is\/index.php?rest_route=\/wp\/v2\/users\/5"}],"replies":[{"embeddable":true,"href":"https:\/\/graenaorkan.is\/index.php?rest_route=%2Fwp%2Fv2%2Fcomments&post=1914"}],"version-history":[{"count":8,"href":"https:\/\/graenaorkan.is\/index.php?rest_route=\/wp\/v2\/posts\/1914\/revisions"}],"predecessor-version":[{"id":1927,"href":"https:\/\/graenaorkan.is\/index.php?rest_route=\/wp\/v2\/posts\/1914\/revisions\/1927"}],"wp:attachment":[{"href":"https:\/\/graenaorkan.is\/index.php?rest_route=%2Fwp%2Fv2%2Fmedia&parent=1914"}],"wp:term":[{"taxonomy":"category","embeddable":true,"href":"https:\/\/graenaorkan.is\/index.php?rest_route=%2Fwp%2Fv2%2Fcategories&post=1914"},{"taxonomy":"post_tag","embeddable":true,"href":"https:\/\/graenaorkan.is\/index.php?rest_route=%2Fwp%2Fv2%2Ftags&post=1914"}],"curies":[{"name":"wp","href":"https:\/\/api.w.org\/{rel}","templated":true}]}}