{"id":1934,"date":"2019-07-03T15:34:53","date_gmt":"2019-07-03T15:34:53","guid":{"rendered":"http:\/\/graenaorkan.is\/?p=1934"},"modified":"2019-07-03T15:34:53","modified_gmt":"2019-07-03T15:34:53","slug":"kolefnisspor-rafbila-4-45x-minna-en-fyrir-bila-sem-nota-jardefnaeldsneyti","status":"publish","type":"post","link":"https:\/\/graenaorkan.is\/?p=1934","title":{"rendered":"Kolefnisspor rafb\u00edla 4-4,5x minna en fyrir b\u00edla sem nota jar\u00f0efnaeldsneyti"},"content":{"rendered":"<div class=\"\" data-block=\"true\" data-editor=\"56g8v\" data-offset-key=\"4fgi1-0-0\">\n<div data-offset-key=\"4fgi1-0-0\"><img decoding=\"async\" src=\"https:\/\/cdn.mbl.is\/frimg\/1\/14\/32\/1143227.jpg\" alt=\"\u00c3\u0081 grafinu s\u00c3\u00a9st hvernig f\u00c3\u00b3tspor bens\u00c3\u00adn- og d\u00c3\u00adselb\u00c3\u00adla fer stigvaxandi ...\" \/><\/div>\n<div data-offset-key=\"4fgi1-0-0\"><\/div>\n<div class=\"_1mf _1mj\" data-offset-key=\"4fgi1-0-0\"><span data-offset-key=\"4fgi1-0-0\">\u00cd morgun kynnti <\/span><span class=\"_247o\" spellcheck=\"false\" data-offset-key=\"4fgi1-1-0\"><span data-offset-key=\"4fgi1-1-0\">Orka n\u00e1tt\u00farunnar<\/span><\/span><span data-offset-key=\"4fgi1-2-0\"> ni\u00f0urst\u00f6\u00f0ur innlendrar ranns\u00f3knar \u00e1 kolefnisspori rafb\u00edla vi\u00f0 \u00edslenskar a\u00f0st\u00e6\u00f0ur. Me\u00f0al helstu atri\u00f0a sk\u00fdrslunnar er a\u00f0 heildarlosun rafb\u00edls, fr\u00e1 framlei\u00f0slu a\u00f0 220 \u00fe\u00fasund km akstri vi\u00f0 \u00edslenskar a\u00f0st\u00e6\u00f0ur, er 4-4,5 sinnum minni en heildarlosun b\u00edla sem nota jar\u00f0efnaeldsneyti.<\/span><\/div>\n<\/div>\n<div class=\"\" data-block=\"true\" data-editor=\"56g8v\" data-offset-key=\"ekf8j-0-0\">\n<div class=\"_1mf _1mj\" data-offset-key=\"ekf8j-0-0\"><span data-offset-key=\"ekf8j-0-0\">Gr\u00e6na orkan fagnar \u00feessu framtaki &#8211; sk\u00fdrslan er mikilv\u00e6gt innlegg inn \u00ed umr\u00e6\u00f0u um orkuskipti og skuldbindingar \u00cdslands \u00ed loftslagsm\u00e1lum!<\/span><\/div>\n<div data-offset-key=\"ekf8j-0-0\">Sj\u00e1 n\u00e1nar um sk\u00fdrsluna \u00e1 <a href=\"https:\/\/www.on.is\/frettir\/island-er-landid-fyrir-rafbila\/\">vefs\u00ed\u00f0u ON<\/a>\u00a0og \u00ed umfj\u00f6llun \u00e1 <a href=\"https:\/\/www.mbl.is\/frettir\/taekni\/2019\/07\/03\/rafbilar_losa_75_80_prosent_minna\/\">mbl.is<\/a>.<\/div>\n<\/div>\n","protected":false},"excerpt":{"rendered":"<p>\u00cd morgun kynnti Orka n\u00e1tt\u00farunnar ni\u00f0urst\u00f6\u00f0ur innlendrar ranns\u00f3knar \u00e1 kolefnisspori rafb\u00edla vi\u00f0 \u00edslenskar a\u00f0st\u00e6\u00f0ur. Me\u00f0al helstu atri\u00f0a sk\u00fdrslunnar er a\u00f0 heildarlosun rafb\u00edls, fr\u00e1 framlei\u00f0slu a\u00f0 220 \u00fe\u00fasund km akstri vi\u00f0 \u00edslenskar a\u00f0st\u00e6\u00f0ur, er 4-4,5 sinnum minni en heildarlosun b\u00edla sem &hellip; <a href=\"https:\/\/graenaorkan.is\/?p=1934\">Continue reading <span class=\"meta-nav\">&rarr;<\/span><\/a><\/p>\n","protected":false},"author":5,"featured_media":0,"comment_status":"closed","ping_status":"closed","sticky":false,"template":"","format":"standard","meta":[],"categories":[3,17,24,10,19,18],"tags":[],"_links":{"self":[{"href":"https:\/\/graenaorkan.is\/index.php?rest_route=\/wp\/v2\/posts\/1934"}],"collection":[{"href":"https:\/\/graenaorkan.is\/index.php?rest_route=\/wp\/v2\/posts"}],"about":[{"href":"https:\/\/graenaorkan.is\/index.php?rest_route=\/wp\/v2\/types\/post"}],"author":[{"embeddable":true,"href":"https:\/\/graenaorkan.is\/index.php?rest_route=\/wp\/v2\/users\/5"}],"replies":[{"embeddable":true,"href":"https:\/\/graenaorkan.is\/index.php?rest_route=%2Fwp%2Fv2%2Fcomments&post=1934"}],"version-history":[{"count":2,"href":"https:\/\/graenaorkan.is\/index.php?rest_route=\/wp\/v2\/posts\/1934\/revisions"}],"predecessor-version":[{"id":1936,"href":"https:\/\/graenaorkan.is\/index.php?rest_route=\/wp\/v2\/posts\/1934\/revisions\/1936"}],"wp:attachment":[{"href":"https:\/\/graenaorkan.is\/index.php?rest_route=%2Fwp%2Fv2%2Fmedia&parent=1934"}],"wp:term":[{"taxonomy":"category","embeddable":true,"href":"https:\/\/graenaorkan.is\/index.php?rest_route=%2Fwp%2Fv2%2Fcategories&post=1934"},{"taxonomy":"post_tag","embeddable":true,"href":"https:\/\/graenaorkan.is\/index.php?rest_route=%2Fwp%2Fv2%2Ftags&post=1934"}],"curies":[{"name":"wp","href":"https:\/\/api.w.org\/{rel}","templated":true}]}}