{"id":1939,"date":"2019-08-22T12:15:38","date_gmt":"2019-08-22T12:15:38","guid":{"rendered":"http:\/\/graenaorkan.is\/?p=1939"},"modified":"2019-08-22T12:18:43","modified_gmt":"2019-08-22T12:18:43","slug":"samantekt-ust-um-stefnur-adgerdir-og-framreiknada-losun-islands-til-2035","status":"publish","type":"post","link":"https:\/\/graenaorkan.is\/?p=1939","title":{"rendered":"Samantekt UST um stefnur, a\u00f0ger\u00f0ir og framreikna\u00f0a losun \u00cdslands til 2035"},"content":{"rendered":"<p>Sk\u00fdrsla sem t\u00f3k saman stefnur og a\u00f0ger\u00f0ir stj\u00f3rnvalda \u00ed loftslagsm\u00e1lum \u00e1samt framreikna\u00f0ri losun til 2035 og unnin var af s\u00e9rfr\u00e6\u00f0ingum Umhverfisstofnunar (UST) var skila\u00f0 til Evr\u00f3pusambandins \u00ed mars \u00e1 \u00feessu \u00e1ri. Nokkru seinna var unninn \u00fatdr\u00e1ttur \u00e1 \u00edslensku og sk\u00fdrslan birt almenningi \u00e1 vef UST. <a href=\"https:\/\/ust.is\/loft\/losun-grodurhusalofttegunda\/skyrslur-og-itarefni\/\">H\u00e9r m\u00e1 n\u00e1lgast hvort tveggja<\/a> undir fyrirs\u00f6gninni\u00a0<em>Sk\u00fdrsla um stefnur og a\u00f0ger\u00f0ir og framreikna\u00f0a losun \u00cdslands.<\/em><\/p>\n<div id=\"attachment_1942\" style=\"width: 360px\" class=\"wp-caption aligncenter\"><a href=\"https:\/\/graenaorkan.is\/wp-content\/uploads\/2019\/08\/download.png\"><img aria-describedby=\"caption-attachment-1942\" decoding=\"async\" loading=\"lazy\" class=\"wp-image-1942 size-full\" src=\"https:\/\/graenaorkan.is\/wp-content\/uploads\/2019\/08\/download.png\" alt=\"\" width=\"350\" height=\"144\" srcset=\"https:\/\/graenaorkan.is\/wp-content\/uploads\/2019\/08\/download.png 350w, https:\/\/graenaorkan.is\/wp-content\/uploads\/2019\/08\/download-300x123.png 300w\" sizes=\"(max-width: 350px) 100vw, 350px\" \/><\/a><p id=\"caption-attachment-1942\" class=\"wp-caption-text\">Mynd \u00far sk\u00fdrslu Umhverfisstofnunar um stefnur og a\u00f0ger\u00f0ir og framreikna\u00f0a losun \u00cdslands (ma\u00ed 2019)<\/p><\/div>\n<p>Gr\u00e6na orkan hvetur alla til a\u00f0 kynna s\u00e9r hvort tveggja enda um mikilv\u00e6gt m\u00e1lefni a\u00f0 r\u00e6\u00f0a. Samkv\u00e6mt fyrstu \u00fatg\u00e1fu <a href=\"https:\/\/www.stjornarradid.is\/lisalib\/getfile.aspx?itemid=b1bda08c-b4f6-11e8-942c-005056bc4d74\">a\u00f0ger\u00f0a\u00e1\u00e6tlunar \u00ed loftslagsm\u00e1lum 2018-2030<\/a>, er l\u00edklegt a\u00f0 \u00cdsland \u00feurfi a\u00f0 draga \u00far losun gr\u00f3\u00f0urh\u00fasalofttegunda um eina millj\u00f3n tonna CO2 eininga til \u00e1trsins 2030. \u00dea\u00f0 er \u00fev\u00ed \u00e1r\u00ed\u00f0andi a\u00f0 samf\u00e9lagi\u00f0 allt \u00feurfi a\u00f0 leggja sitt \u00e1 vogarsk\u00e1larnar og frumkv\u00e6\u00f0i fyrirt\u00e6kja, sveitarstj\u00f3rna, f\u00e9lagasamtaka skiptir \u00fear miklu.<\/p>\n","protected":false},"excerpt":{"rendered":"<p>Sk\u00fdrsla sem t\u00f3k saman stefnur og a\u00f0ger\u00f0ir stj\u00f3rnvalda \u00ed loftslagsm\u00e1lum \u00e1samt framreikna\u00f0ri losun til 2035 og unnin var af s\u00e9rfr\u00e6\u00f0ingum Umhverfisstofnunar (UST) var skila\u00f0 til Evr\u00f3pusambandins \u00ed mars \u00e1 \u00feessu \u00e1ri. Nokkru seinna var unninn \u00fatdr\u00e1ttur \u00e1 \u00edslensku og sk\u00fdrslan &hellip; <a href=\"https:\/\/graenaorkan.is\/?p=1939\">Continue reading <span class=\"meta-nav\">&rarr;<\/span><\/a><\/p>\n","protected":false},"author":5,"featured_media":0,"comment_status":"closed","ping_status":"closed","sticky":false,"template":"","format":"standard","meta":[],"categories":[20,24,18,21],"tags":[],"_links":{"self":[{"href":"https:\/\/graenaorkan.is\/index.php?rest_route=\/wp\/v2\/posts\/1939"}],"collection":[{"href":"https:\/\/graenaorkan.is\/index.php?rest_route=\/wp\/v2\/posts"}],"about":[{"href":"https:\/\/graenaorkan.is\/index.php?rest_route=\/wp\/v2\/types\/post"}],"author":[{"embeddable":true,"href":"https:\/\/graenaorkan.is\/index.php?rest_route=\/wp\/v2\/users\/5"}],"replies":[{"embeddable":true,"href":"https:\/\/graenaorkan.is\/index.php?rest_route=%2Fwp%2Fv2%2Fcomments&post=1939"}],"version-history":[{"count":3,"href":"https:\/\/graenaorkan.is\/index.php?rest_route=\/wp\/v2\/posts\/1939\/revisions"}],"predecessor-version":[{"id":1943,"href":"https:\/\/graenaorkan.is\/index.php?rest_route=\/wp\/v2\/posts\/1939\/revisions\/1943"}],"wp:attachment":[{"href":"https:\/\/graenaorkan.is\/index.php?rest_route=%2Fwp%2Fv2%2Fmedia&parent=1939"}],"wp:term":[{"taxonomy":"category","embeddable":true,"href":"https:\/\/graenaorkan.is\/index.php?rest_route=%2Fwp%2Fv2%2Fcategories&post=1939"},{"taxonomy":"post_tag","embeddable":true,"href":"https:\/\/graenaorkan.is\/index.php?rest_route=%2Fwp%2Fv2%2Ftags&post=1939"}],"curies":[{"name":"wp","href":"https:\/\/api.w.org\/{rel}","templated":true}]}}