{"id":1955,"date":"2019-09-23T10:51:55","date_gmt":"2019-09-23T10:51:55","guid":{"rendered":"http:\/\/graenaorkan.is\/?p=1955"},"modified":"2019-09-23T10:51:55","modified_gmt":"2019-09-23T10:51:55","slug":"vistorka-undirbyr-lifdisilframleidslu","status":"publish","type":"post","link":"https:\/\/graenaorkan.is\/?p=1955","title":{"rendered":"Vistorka undirb\u00fdr l\u00edfd\u00edsilframlei\u00f0slu"},"content":{"rendered":"<p><a id=\"js_1zg\" class=\"profileLink\" href=\"http:\/\/www.vistorka.is\/\" data-hovercard=\"\/ajax\/hovercard\/page.php?id=971347322915969&amp;extragetparams=%7B%22__tn__%22%3A%22%2CdK-R-R%22%2C%22eid%22%3A%22ARC18Xs6MY_O8tas71gH5OyC1sKRvUyHZbuMSCxPpRnHiSgCKZLsTVfEqxlF7PU5OjX8yF_MZ7eFhiMx%22%2C%22fref%22%3A%22mentions%22%7D&amp;av=168429783285741&amp;eav=AfYkfArPH-abh5xNyEJHJXjDXnextso75m8tWpySAFiJ_c1YM2FH2iJMvg7sJQZBHK8\" data-hovercard-prefer-more-content-show=\"1\" aria-describedby=\"u_3u_1\" aria-owns=\"\">Vistorka<\/a>\u00a0\u00e1 Akureyri undirb\u00fdr framlei\u00f0slu \u00e1 l\u00edfd\u00edsil m.a. \u00far fitu \u00far sl\u00e1tur\u00fargangi. Til stendur a\u00f0 nota ol\u00eduna \u00ed Gr\u00edmsey, \u00ed framlei\u00f0slu S\u00e6plasts \u00e1 Dalv\u00edk, \u00ed Malbiksframlei\u00f0slu og \u00ed ferjusiglingum \u00ed Eyjarfir\u00f0i.<\/p>\n<p>Sj\u00e1 n\u00e1nar \u00ed fr\u00e9tt \u00e1 <a href=\"https:\/\/www.visir.is\/g\/2019190929641\/aetla-ad-framleida-oliu-ur-slaturfitu-i-eyjafirdi\">visir.is<\/a>.<\/p>\n","protected":false},"excerpt":{"rendered":"<p>Vistorka\u00a0\u00e1 Akureyri undirb\u00fdr framlei\u00f0slu \u00e1 l\u00edfd\u00edsil m.a. \u00far fitu \u00far sl\u00e1tur\u00fargangi. Til stendur a\u00f0 nota ol\u00eduna \u00ed Gr\u00edmsey, \u00ed framlei\u00f0slu S\u00e6plasts \u00e1 Dalv\u00edk, \u00ed Malbiksframlei\u00f0slu og \u00ed ferjusiglingum \u00ed Eyjarfir\u00f0i. Sj\u00e1 n\u00e1nar \u00ed fr\u00e9tt \u00e1 visir.is.<\/p>\n","protected":false},"author":5,"featured_media":0,"comment_status":"closed","ping_status":"closed","sticky":false,"template":"","format":"standard","meta":[],"categories":[17,12,18],"tags":[],"_links":{"self":[{"href":"https:\/\/graenaorkan.is\/index.php?rest_route=\/wp\/v2\/posts\/1955"}],"collection":[{"href":"https:\/\/graenaorkan.is\/index.php?rest_route=\/wp\/v2\/posts"}],"about":[{"href":"https:\/\/graenaorkan.is\/index.php?rest_route=\/wp\/v2\/types\/post"}],"author":[{"embeddable":true,"href":"https:\/\/graenaorkan.is\/index.php?rest_route=\/wp\/v2\/users\/5"}],"replies":[{"embeddable":true,"href":"https:\/\/graenaorkan.is\/index.php?rest_route=%2Fwp%2Fv2%2Fcomments&post=1955"}],"version-history":[{"count":1,"href":"https:\/\/graenaorkan.is\/index.php?rest_route=\/wp\/v2\/posts\/1955\/revisions"}],"predecessor-version":[{"id":1956,"href":"https:\/\/graenaorkan.is\/index.php?rest_route=\/wp\/v2\/posts\/1955\/revisions\/1956"}],"wp:attachment":[{"href":"https:\/\/graenaorkan.is\/index.php?rest_route=%2Fwp%2Fv2%2Fmedia&parent=1955"}],"wp:term":[{"taxonomy":"category","embeddable":true,"href":"https:\/\/graenaorkan.is\/index.php?rest_route=%2Fwp%2Fv2%2Fcategories&post=1955"},{"taxonomy":"post_tag","embeddable":true,"href":"https:\/\/graenaorkan.is\/index.php?rest_route=%2Fwp%2Fv2%2Ftags&post=1955"}],"curies":[{"name":"wp","href":"https:\/\/api.w.org\/{rel}","templated":true}]}}