{"id":1958,"date":"2019-10-16T10:26:21","date_gmt":"2019-10-16T10:26:21","guid":{"rendered":"http:\/\/graenaorkan.is\/?p=1958"},"modified":"2019-10-16T10:26:21","modified_gmt":"2019-10-16T10:26:21","slug":"vidburdur-23-oktober-hvad-a-ad-gera-vid-metanid","status":"publish","type":"post","link":"https:\/\/graenaorkan.is\/?p=1958","title":{"rendered":"Vi\u00f0bur\u00f0ur 23. okt\u00f3ber: Hva\u00f0 \u00e1 a\u00f0 gera vi\u00f0 metani\u00f0?"},"content":{"rendered":"<p><a href=\"https:\/\/graenaorkan.is\/wp-content\/uploads\/2019\/10\/CH4-formula.jpg\"><img decoding=\"async\" loading=\"lazy\" class=\"wp-image-1959 size-medium alignright\" src=\"https:\/\/graenaorkan.is\/wp-content\/uploads\/2019\/10\/CH4-formula-300x180.jpg\" alt=\"\" width=\"300\" height=\"180\" srcset=\"https:\/\/graenaorkan.is\/wp-content\/uploads\/2019\/10\/CH4-formula-300x180.jpg 300w, https:\/\/graenaorkan.is\/wp-content\/uploads\/2019\/10\/CH4-formula-768x461.jpg 768w, https:\/\/graenaorkan.is\/wp-content\/uploads\/2019\/10\/CH4-formula-333x200.jpg 333w, https:\/\/graenaorkan.is\/wp-content\/uploads\/2019\/10\/CH4-formula-500x300.jpg 500w, https:\/\/graenaorkan.is\/wp-content\/uploads\/2019\/10\/CH4-formula.jpg 800w\" sizes=\"(max-width: 300px) 100vw, 300px\" \/><\/a><\/p>\n<p style=\"text-align: left;\">Gr\u00e6na orkan, Gr\u00e6nni Bygg\u00f0 og Orkustofnun standa fyrir h\u00e1degisvi\u00f0bur\u00f0i sem ber yfirskriftina &#8220;<em>Hva\u00f0 \u00e1 a\u00f0 gera vi\u00f0 metani\u00f0?<\/em>&#8221; mi\u00f0vikudaginn 23. okt\u00f3ber.<\/p>\n<p>R\u00e6ddar ver\u00f0a lei\u00f0ir til a\u00f0 auka n\u00fdtingu metans h\u00e9r \u00e1 landi, og hlutverk \u00feess \u00ed orkuskiptum, ekki s\u00edst \u00ed lj\u00f3si fyrirhuga\u00f0rar aukningar \u00ed framlei\u00f0slu \u00feess me\u00f0 tilkomu gas- og jar\u00f0ger\u00f0arst\u00f6\u00f0var Sorpu.<\/p>\n<p>Fyrirkomulagi\u00f0 me\u00f0 \u00f6rl\u00edti\u00f0 \u00f6\u00f0rum h\u00e6tti en veri\u00f0 hefur. H\u00fasi\u00f0 opnar klukkan 11:30 me\u00f0 l\u00e9ttum veitingum en formleg dagskr\u00e1 er 12:00-13:30.<\/p>\n<p>Dagskr\u00e1in mun ver\u00f0a eftirfarandi:<br \/>\nBj\u00f6rn Halld\u00f3rsson framkv\u00e6mdastj\u00f3ri Sorpu<br \/>\nMar\u00eda J\u00f3na Magn\u00fasd\u00f3ttir, framkv\u00e6mdastj\u00f3ri B\u00edlgreinasambandsins<br \/>\nHafsteinn Helgason, svi\u00f0sstj\u00f3ri \u00der\u00f3unar hj\u00e1 EFLU verkfr\u00e6\u00f0istofu<br \/>\nGu\u00f0mundur B. Fri\u00f0riksson, skrifstofustj\u00f3ri Skrifstofu umhverfisg\u00e6\u00f0a hj\u00e1 Reykjav\u00edkurborg<\/p>\n<p>Fundarstj\u00f3ri ver\u00f0ur \u00de\u00f3rhildur Fj\u00f3la Kristj\u00e1nsd\u00f3ttir, framkv\u00e6mdastj\u00f3ri Gr\u00e6nni bygg\u00f0ar.<\/p>\n<p>Fyrirlestrarnir fara fram \u00ed Orkugar\u00f0i, Grens\u00e1svegi 9 en \u00feanga\u00f0 ganga str\u00e6tisvagnar n\u00famer 2, 3, 6, 14, 15, og 17 og yfirbygg\u00f0 hj\u00f3lageymsla er \u00e1 bakvi\u00f0 h\u00fasalengjuna, vi\u00f0 hli\u00f0ina \u00e1 Frumherja.<br \/>\nVi\u00f0bur\u00f0urinn er \u00f6llum opinn og a\u00f0gangur \u00f3keypis.<\/p>\n","protected":false},"excerpt":{"rendered":"<p>Gr\u00e6na orkan, Gr\u00e6nni Bygg\u00f0 og Orkustofnun standa fyrir h\u00e1degisvi\u00f0bur\u00f0i sem ber yfirskriftina &#8220;Hva\u00f0 \u00e1 a\u00f0 gera vi\u00f0 metani\u00f0?&#8221; mi\u00f0vikudaginn 23. okt\u00f3ber. R\u00e6ddar ver\u00f0a lei\u00f0ir til a\u00f0 auka n\u00fdtingu metans h\u00e9r \u00e1 landi, og hlutverk \u00feess \u00ed orkuskiptum, ekki s\u00edst \u00ed &hellip; <a href=\"https:\/\/graenaorkan.is\/?p=1958\">Continue reading <span class=\"meta-nav\">&rarr;<\/span><\/a><\/p>\n","protected":false},"author":5,"featured_media":0,"comment_status":"closed","ping_status":"closed","sticky":false,"template":"","format":"standard","meta":[],"categories":[5,8,18,29],"tags":[],"_links":{"self":[{"href":"https:\/\/graenaorkan.is\/index.php?rest_route=\/wp\/v2\/posts\/1958"}],"collection":[{"href":"https:\/\/graenaorkan.is\/index.php?rest_route=\/wp\/v2\/posts"}],"about":[{"href":"https:\/\/graenaorkan.is\/index.php?rest_route=\/wp\/v2\/types\/post"}],"author":[{"embeddable":true,"href":"https:\/\/graenaorkan.is\/index.php?rest_route=\/wp\/v2\/users\/5"}],"replies":[{"embeddable":true,"href":"https:\/\/graenaorkan.is\/index.php?rest_route=%2Fwp%2Fv2%2Fcomments&post=1958"}],"version-history":[{"count":5,"href":"https:\/\/graenaorkan.is\/index.php?rest_route=\/wp\/v2\/posts\/1958\/revisions"}],"predecessor-version":[{"id":1964,"href":"https:\/\/graenaorkan.is\/index.php?rest_route=\/wp\/v2\/posts\/1958\/revisions\/1964"}],"wp:attachment":[{"href":"https:\/\/graenaorkan.is\/index.php?rest_route=%2Fwp%2Fv2%2Fmedia&parent=1958"}],"wp:term":[{"taxonomy":"category","embeddable":true,"href":"https:\/\/graenaorkan.is\/index.php?rest_route=%2Fwp%2Fv2%2Fcategories&post=1958"},{"taxonomy":"post_tag","embeddable":true,"href":"https:\/\/graenaorkan.is\/index.php?rest_route=%2Fwp%2Fv2%2Ftags&post=1958"}],"curies":[{"name":"wp","href":"https:\/\/api.w.org\/{rel}","templated":true}]}}