{"id":1966,"date":"2019-10-23T15:33:54","date_gmt":"2019-10-23T15:33:54","guid":{"rendered":"http:\/\/graenaorkan.is\/?p=1966"},"modified":"2019-10-24T11:23:21","modified_gmt":"2019-10-24T11:23:21","slug":"upptaka-fra-metan-vidburdi-23-oktober","status":"publish","type":"post","link":"https:\/\/graenaorkan.is\/?p=1966","title":{"rendered":"Upptaka fr\u00e1 metan vi\u00f0bur\u00f0i 23. okt\u00f3ber"},"content":{"rendered":"<p>Vi\u00f0bur\u00f0ur Gr\u00e6nu orkunnar, Gr\u00e6nni bygg\u00f0ar og Orkustofnunar sem bar yfirskriftina\u00a0<em>Hva\u00f0 \u00e1 a\u00f0 gera vi\u00f0 metani\u00f0?<\/em> f\u00f3r fram \u00ed Orkugar\u00f0i \u00ed dag, 23. okt\u00f3ber. Um 60 gestir t\u00f3ku \u00fe\u00e1tt og hl\u00fdddu \u00e1 fyrirlestrana fimm. Vi\u00f0 viljum koma \u00e1 framf\u00e6ri \u00fe\u00f6kkum til fyrirlesara fyrir \u00e1hugaver\u00f0 erindi og fundarstj\u00f3ra fyrir dygga t\u00edmastj\u00f3rnun og spurningar. Fyrirlesarar voru:<\/p>\n<p><a href=\"https:\/\/graenaorkan.is\/wp-content\/uploads\/2019\/10\/1-Bj\u00f6rn-Sorpa-Hvernig_a_ad_nyta_metanid.pdf\">Bj\u00f6rn Halld\u00f3rsson framkv\u00e6mdastj\u00f3ri Sorpu<\/a><br \/>\n<a href=\"https:\/\/graenaorkan.is\/wp-content\/uploads\/2019\/10\/2-Mar\u00eda-BGS-Metanvi\u00f0bur\u00f0ur-Gr\u00e6n-Orka-kynning.pdf\">Mar\u00eda J\u00f3na Magn\u00fasd\u00f3ttir, framkv\u00e6mdastj\u00f3ri B\u00edlgreinasambandsins<\/a><br \/>\n<a href=\"https:\/\/graenaorkan.is\/wp-content\/uploads\/2019\/10\/3-Stef\u00e1n-EFLA-20191023_EFLA_metan.pdf\">Stef\u00e1n \u00de\u00f3r Kristinsson, efnaverkfr\u00e6\u00f0ingur hj\u00e1 EFLU verkfr\u00e6\u00f0istofu<\/a><br \/>\nAu\u00f0ur Nanna Baldvinsd\u00f3ttir, vi\u00f0skipta\u00fer\u00f3unarstj\u00f3ri hj\u00e1 Landsvirkjun og stj\u00f3rnarforma\u00f0ur Gr\u00e6nu orkunnar<br \/>\n<a href=\"https:\/\/graenaorkan.is\/wp-content\/uploads\/2019\/10\/Gu\u00f0mundur-B.-Fri\u00f0riksson-skrifstofustj\u00f3ri-Skrifstofu-umhverfisg\u00e6\u00f0a-hj\u00e1-Reykjav\u00edkurborg.pdf\">Gu\u00f0mundur B. Fri\u00f0riksson, skrifstofustj\u00f3ri Skrifstofu umhverfisg\u00e6\u00f0a hj\u00e1 Reykjav\u00edkurborg<\/a><\/p>\n<p>Fundarstj\u00f3ri var \u00de\u00f3rhildur Fj\u00f3la Kristj\u00e1nsd\u00f3ttir, framkv\u00e6mdastj\u00f3ri Gr\u00e6nni bygg\u00f0ar.<\/p>\n<p>H\u00e9r fyrir ne\u00f0an m\u00e1 n\u00e1lgast uppt\u00f6ku fr\u00e1 vi\u00f0bur\u00f0inum.<\/p>\n<p><iframe loading=\"lazy\" width=\"584\" height=\"329\" src=\"https:\/\/www.youtube.com\/embed\/6c2vu2FT1W0?feature=oembed\" frameborder=\"0\" allow=\"accelerometer; autoplay; encrypted-media; gyroscope; picture-in-picture\" allowfullscreen><\/iframe><\/p>\n<p>&nbsp;<\/p>\n","protected":false},"excerpt":{"rendered":"<p>Vi\u00f0bur\u00f0ur Gr\u00e6nu orkunnar, Gr\u00e6nni bygg\u00f0ar og Orkustofnunar sem bar yfirskriftina\u00a0Hva\u00f0 \u00e1 a\u00f0 gera vi\u00f0 metani\u00f0? f\u00f3r fram \u00ed Orkugar\u00f0i \u00ed dag, 23. okt\u00f3ber. Um 60 gestir t\u00f3ku \u00fe\u00e1tt og hl\u00fdddu \u00e1 fyrirlestrana fimm. Vi\u00f0 viljum koma \u00e1 framf\u00e6ri \u00fe\u00f6kkum til &hellip; <a href=\"https:\/\/graenaorkan.is\/?p=1966\">Continue reading <span class=\"meta-nav\">&rarr;<\/span><\/a><\/p>\n","protected":false},"author":5,"featured_media":0,"comment_status":"closed","ping_status":"closed","sticky":false,"template":"","format":"standard","meta":[],"categories":[5,17,24,8,18],"tags":[],"_links":{"self":[{"href":"https:\/\/graenaorkan.is\/index.php?rest_route=\/wp\/v2\/posts\/1966"}],"collection":[{"href":"https:\/\/graenaorkan.is\/index.php?rest_route=\/wp\/v2\/posts"}],"about":[{"href":"https:\/\/graenaorkan.is\/index.php?rest_route=\/wp\/v2\/types\/post"}],"author":[{"embeddable":true,"href":"https:\/\/graenaorkan.is\/index.php?rest_route=\/wp\/v2\/users\/5"}],"replies":[{"embeddable":true,"href":"https:\/\/graenaorkan.is\/index.php?rest_route=%2Fwp%2Fv2%2Fcomments&post=1966"}],"version-history":[{"count":6,"href":"https:\/\/graenaorkan.is\/index.php?rest_route=\/wp\/v2\/posts\/1966\/revisions"}],"predecessor-version":[{"id":1976,"href":"https:\/\/graenaorkan.is\/index.php?rest_route=\/wp\/v2\/posts\/1966\/revisions\/1976"}],"wp:attachment":[{"href":"https:\/\/graenaorkan.is\/index.php?rest_route=%2Fwp%2Fv2%2Fmedia&parent=1966"}],"wp:term":[{"taxonomy":"category","embeddable":true,"href":"https:\/\/graenaorkan.is\/index.php?rest_route=%2Fwp%2Fv2%2Fcategories&post=1966"},{"taxonomy":"post_tag","embeddable":true,"href":"https:\/\/graenaorkan.is\/index.php?rest_route=%2Fwp%2Fv2%2Ftags&post=1966"}],"curies":[{"name":"wp","href":"https:\/\/api.w.org\/{rel}","templated":true}]}}