{"id":1977,"date":"2019-10-25T09:49:29","date_gmt":"2019-10-25T09:49:29","guid":{"rendered":"http:\/\/graenaorkan.is\/?p=1977"},"modified":"2019-10-25T09:49:29","modified_gmt":"2019-10-25T09:49:29","slug":"opinn-samradsfundur-graenu-orkunnar-30-oktober","status":"publish","type":"post","link":"https:\/\/graenaorkan.is\/?p=1977","title":{"rendered":"Opinn samr\u00e1\u00f0sfundur Gr\u00e6nu orkunnar 30. okt\u00f3ber"},"content":{"rendered":"<p><a href=\"https:\/\/graenaorkan.is\/wp-content\/uploads\/2016\/09\/Gr\u00e6na-orkan-logo-bara-litur.png\"><img decoding=\"async\" loading=\"lazy\" class=\"aligncenter size-full wp-image-1430\" src=\"https:\/\/graenaorkan.is\/wp-content\/uploads\/2016\/09\/Gr\u00e6na-orkan-logo-bara-litur.png\" alt=\"\" width=\"344\" height=\"102\" srcset=\"https:\/\/graenaorkan.is\/wp-content\/uploads\/2016\/09\/Gr\u00e6na-orkan-logo-bara-litur.png 344w, https:\/\/graenaorkan.is\/wp-content\/uploads\/2016\/09\/Gr\u00e6na-orkan-logo-bara-litur-300x88.png 300w\" sizes=\"(max-width: 344px) 100vw, 344px\" \/><\/a><\/p>\n<p>Snemma \u00ed haust f\u00f3l samstarfsh\u00f3pur r\u00e1\u00f0uneyta Gr\u00e6nu orkunni, Samstarfsvettvangi um orkuskipti, a\u00f0 m\u00f3ta till\u00f6gur a\u00f0 forgangsr\u00f6\u00f0un verkefna er var\u00f0a orkuskipti og \u00fatf\u00e6rslu fj\u00e1rmagns fyrir \u00e1ri\u00f0 2020.<\/p>\n<p>Gr\u00e6na orkan hefur undanfarnar vikur funda\u00f0 me\u00f0 hagh\u00f6fum me\u00f0 \u00fea\u00f0 fyrir augum a\u00f0 draga fram hvar mest er \u00fe\u00f6rf \u00e1 innvi\u00f0a uppbyggingu sem greitt getur fyrir orkuskiptum \u00ed samg\u00f6ngum og samdr\u00e6tti \u00ed losun gr\u00f3\u00f0urh\u00fasalofttegunda.<\/p>\n<p>Till\u00f6gurnar l\u00fata a\u00f0 innvi\u00f0alausnum er var\u00f0a f\u00f3lksb\u00edla, h\u00f3pbifrei\u00f0ar, landflutninga og vinnuv\u00e9lar og loks hafnir og haftengda starfsemi og ver\u00f0a kynntar \u00ed \u00feessari r\u00f6\u00f0 \u00e1 fundinum.<\/p>\n<p>\u00c1\u00f0ur en till\u00f6gum er skila\u00f0 til starfsh\u00f3ps r\u00e1\u00f0uneyta, vill Gr\u00e6na orkan gefa almenningi og \u00f6llum \u00feeim sem \u00e1huga hafa \u00e1 orkuskiptum t\u00e6kif\u00e6ri til a\u00f0 kynna s\u00e9r efni \u00feeirra \u00e1 opnum fundi, veita ums\u00f6gn og endurgj\u00f6f. Dagskr\u00e1in ver\u00f0ur eftirfarandi:<\/p>\n<p>09:00 Kynning verkefnis<br \/>\n09:10 Kynning \u00e1 starfi samstarfsh\u00f3ps r\u00e1\u00f0uneyta<br \/>\n09:15 Dr\u00f6g a\u00f0 till\u00f6gum f\u00f3lksb\u00edlah\u00f3ps kynnt<br \/>\n09:45 Dr\u00f6g a\u00f0 till\u00f6gum h\u00f3pbifrei\u00f0ah\u00f3ps kynnt<br \/>\n10:15 Kaffihl\u00e9<br \/>\n10:30 Dr\u00f6g a\u00f0 till\u00f6gum h\u00f3ps um landflutninga og v\u00e9lar kynnt<br \/>\n11:00 Dr\u00f6g a\u00f0 till\u00f6gum um hafnir og skip kynnt<br \/>\n11:30 Almennar umr\u00e6\u00f0ur og samantekt<br \/>\n12:00 Fundarslit<\/p>\n<p>Samr\u00e1\u00f0sfundurinn 30. okt\u00f3ber n\u00e6stkomandi er \u00f6llum opinn og a\u00f0gangur \u00f3keypis.<\/p>\n","protected":false},"excerpt":{"rendered":"<p>Snemma \u00ed haust f\u00f3l samstarfsh\u00f3pur r\u00e1\u00f0uneyta Gr\u00e6nu orkunni, Samstarfsvettvangi um orkuskipti, a\u00f0 m\u00f3ta till\u00f6gur a\u00f0 forgangsr\u00f6\u00f0un verkefna er var\u00f0a orkuskipti og \u00fatf\u00e6rslu fj\u00e1rmagns fyrir \u00e1ri\u00f0 2020. Gr\u00e6na orkan hefur undanfarnar vikur funda\u00f0 me\u00f0 hagh\u00f6fum me\u00f0 \u00fea\u00f0 fyrir augum a\u00f0 draga &hellip; <a href=\"https:\/\/graenaorkan.is\/?p=1977\">Continue reading <span class=\"meta-nav\">&rarr;<\/span><\/a><\/p>\n","protected":false},"author":5,"featured_media":0,"comment_status":"closed","ping_status":"closed","sticky":false,"template":"","format":"standard","meta":[],"categories":[5,17,20,24,4,18,21],"tags":[],"_links":{"self":[{"href":"https:\/\/graenaorkan.is\/index.php?rest_route=\/wp\/v2\/posts\/1977"}],"collection":[{"href":"https:\/\/graenaorkan.is\/index.php?rest_route=\/wp\/v2\/posts"}],"about":[{"href":"https:\/\/graenaorkan.is\/index.php?rest_route=\/wp\/v2\/types\/post"}],"author":[{"embeddable":true,"href":"https:\/\/graenaorkan.is\/index.php?rest_route=\/wp\/v2\/users\/5"}],"replies":[{"embeddable":true,"href":"https:\/\/graenaorkan.is\/index.php?rest_route=%2Fwp%2Fv2%2Fcomments&post=1977"}],"version-history":[{"count":1,"href":"https:\/\/graenaorkan.is\/index.php?rest_route=\/wp\/v2\/posts\/1977\/revisions"}],"predecessor-version":[{"id":1978,"href":"https:\/\/graenaorkan.is\/index.php?rest_route=\/wp\/v2\/posts\/1977\/revisions\/1978"}],"wp:attachment":[{"href":"https:\/\/graenaorkan.is\/index.php?rest_route=%2Fwp%2Fv2%2Fmedia&parent=1977"}],"wp:term":[{"taxonomy":"category","embeddable":true,"href":"https:\/\/graenaorkan.is\/index.php?rest_route=%2Fwp%2Fv2%2Fcategories&post=1977"},{"taxonomy":"post_tag","embeddable":true,"href":"https:\/\/graenaorkan.is\/index.php?rest_route=%2Fwp%2Fv2%2Ftags&post=1977"}],"curies":[{"name":"wp","href":"https:\/\/api.w.org\/{rel}","templated":true}]}}