{"id":2001,"date":"2020-01-06T08:37:48","date_gmt":"2020-01-06T08:37:48","guid":{"rendered":"http:\/\/graenaorkan.is\/?p=2001"},"modified":"2020-01-06T08:37:48","modified_gmt":"2020-01-06T08:37:48","slug":"milljon-bila-markinu-fljotlega-nad-hja-tesla","status":"publish","type":"post","link":"https:\/\/graenaorkan.is\/?p=2001","title":{"rendered":"Millj\u00f3n b\u00edla markinu flj\u00f3tlega n\u00e1\u00f0 hj\u00e1 Tesla"},"content":{"rendered":"<p><img decoding=\"async\" src=\"https:\/\/www.visir.is\/i\/5A27547499BAC99135E5820481C1FBB6D3D9A3E6BAF2B6B864D92124EDB8DA55_713x0.jpg\" alt=\"Tesla Model 3 ver\u00f0ur l\u00edklega mest seldi rafb\u00edll allra t\u00edma innan \u00e1rsfj\u00f3r\u00f0ungsins.\" \/><\/p>\n<p>\u00c1 komandi m\u00e1nu\u00f0um mun framlei\u00f0andi <a href=\"https:\/\/www.tesla.com\/is_is\">Tesla<\/a> n\u00e1 \u00feeim \u00e1fanga a\u00f0 hafa selt rafb\u00edl sinn \u00ed einni millj\u00f3n eintaka og ver\u00f0ur Tesla \u00fear me\u00f0 fyrsti rafb\u00edllinn sem selst hefur \u00ed \u00feessu magni.<\/p>\n<p>Sj\u00e1 n\u00e1nar \u00ed fr\u00e9tt <a href=\"https:\/\/www.visir.is\/g\/2020200109581\/-tesla-model-3-verdur-mest-seldi-rafbill-allra-tima\">mbl.is<\/a>.<\/p>\n","protected":false},"excerpt":{"rendered":"<p>\u00c1 komandi m\u00e1nu\u00f0um mun framlei\u00f0andi Tesla n\u00e1 \u00feeim \u00e1fanga a\u00f0 hafa selt rafb\u00edl sinn \u00ed einni millj\u00f3n eintaka og ver\u00f0ur Tesla \u00fear me\u00f0 fyrsti rafb\u00edllinn sem selst hefur \u00ed \u00feessu magni. Sj\u00e1 n\u00e1nar \u00ed fr\u00e9tt mbl.is.<\/p>\n","protected":false},"author":5,"featured_media":0,"comment_status":"closed","ping_status":"closed","sticky":false,"template":"","format":"standard","meta":[],"categories":[3,10],"tags":[],"_links":{"self":[{"href":"https:\/\/graenaorkan.is\/index.php?rest_route=\/wp\/v2\/posts\/2001"}],"collection":[{"href":"https:\/\/graenaorkan.is\/index.php?rest_route=\/wp\/v2\/posts"}],"about":[{"href":"https:\/\/graenaorkan.is\/index.php?rest_route=\/wp\/v2\/types\/post"}],"author":[{"embeddable":true,"href":"https:\/\/graenaorkan.is\/index.php?rest_route=\/wp\/v2\/users\/5"}],"replies":[{"embeddable":true,"href":"https:\/\/graenaorkan.is\/index.php?rest_route=%2Fwp%2Fv2%2Fcomments&post=2001"}],"version-history":[{"count":1,"href":"https:\/\/graenaorkan.is\/index.php?rest_route=\/wp\/v2\/posts\/2001\/revisions"}],"predecessor-version":[{"id":2002,"href":"https:\/\/graenaorkan.is\/index.php?rest_route=\/wp\/v2\/posts\/2001\/revisions\/2002"}],"wp:attachment":[{"href":"https:\/\/graenaorkan.is\/index.php?rest_route=%2Fwp%2Fv2%2Fmedia&parent=2001"}],"wp:term":[{"taxonomy":"category","embeddable":true,"href":"https:\/\/graenaorkan.is\/index.php?rest_route=%2Fwp%2Fv2%2Fcategories&post=2001"},{"taxonomy":"post_tag","embeddable":true,"href":"https:\/\/graenaorkan.is\/index.php?rest_route=%2Fwp%2Fv2%2Ftags&post=2001"}],"curies":[{"name":"wp","href":"https:\/\/api.w.org\/{rel}","templated":true}]}}