{"id":2009,"date":"2020-01-28T12:00:11","date_gmt":"2020-01-28T12:00:11","guid":{"rendered":"http:\/\/graenaorkan.is\/?p=2009"},"modified":"2020-01-28T12:00:11","modified_gmt":"2020-01-28T12:00:11","slug":"snemmskraning-a-tra2020-opin-til-13-februar","status":"publish","type":"post","link":"https:\/\/graenaorkan.is\/?p=2009","title":{"rendered":"Snemmskr\u00e1ning \u00e1 TRA2020 opin til 13. febr\u00faar!"},"content":{"rendered":"<p style=\"padding-left: 30px;\">Gildist\u00edmi snemmskr\u00e1ningar \u00e1 Transport Reseach Arena (TRA2020), st\u00e6rstu samg\u00f6ngur\u00e1\u00f0stefnu Evr\u00f3pu, hefur n\u00fa veri\u00f0 framlengdur til 13. febr\u00faar. R\u00e1\u00f0stefnan fer fram \u00ed Helsinki, dagana 27.-30. apr\u00edl n\u00e6stkomandi og er yfirskrift hennar \u00ed \u00e1r\u00a0<em>Rethinking transport \u2013 towards clean and inclusive mobility.<\/em> \u00c1 TRA koma saman helstu samg\u00f6ngus\u00e9rfr\u00e6\u00f0ingar heims og r\u00e6dd \u00fdmsir vinklar samgangna: \u00f6ryggism\u00e1l, loftslagsbreytingar, hlutverk borgara og s\u00ed\u00f0ast en ekki s\u00edst, n\u00fdjasta t\u00e6kni.<img decoding=\"async\" loading=\"lazy\" class=\"aligncenter\" src=\"https:\/\/traconference.eu\/files\/data_driven_mobility.jpg\" alt=\"Lady with mobile phone\" width=\"387\" height=\"261\" \/><\/p>\n<p>Sj\u00e1 <a href=\"https:\/\/traconference.eu\/\">h\u00e9r dagskr\u00e1 og frekari uppl\u00fdsingar<\/a> um TRA2020.<\/p>\n","protected":false},"excerpt":{"rendered":"<p>Gildist\u00edmi snemmskr\u00e1ningar \u00e1 Transport Reseach Arena (TRA2020), st\u00e6rstu samg\u00f6ngur\u00e1\u00f0stefnu Evr\u00f3pu, hefur n\u00fa veri\u00f0 framlengdur til 13. febr\u00faar. R\u00e1\u00f0stefnan fer fram \u00ed Helsinki, dagana 27.-30. apr\u00edl n\u00e6stkomandi og er yfirskrift hennar \u00ed \u00e1r\u00a0Rethinking transport \u2013 towards clean and inclusive mobility. \u00c1 &hellip; <a href=\"https:\/\/graenaorkan.is\/?p=2009\">Continue reading <span class=\"meta-nav\">&rarr;<\/span><\/a><\/p>\n","protected":false},"author":5,"featured_media":0,"comment_status":"closed","ping_status":"closed","sticky":false,"template":"","format":"standard","meta":[],"categories":[5,24,18],"tags":[],"_links":{"self":[{"href":"https:\/\/graenaorkan.is\/index.php?rest_route=\/wp\/v2\/posts\/2009"}],"collection":[{"href":"https:\/\/graenaorkan.is\/index.php?rest_route=\/wp\/v2\/posts"}],"about":[{"href":"https:\/\/graenaorkan.is\/index.php?rest_route=\/wp\/v2\/types\/post"}],"author":[{"embeddable":true,"href":"https:\/\/graenaorkan.is\/index.php?rest_route=\/wp\/v2\/users\/5"}],"replies":[{"embeddable":true,"href":"https:\/\/graenaorkan.is\/index.php?rest_route=%2Fwp%2Fv2%2Fcomments&post=2009"}],"version-history":[{"count":7,"href":"https:\/\/graenaorkan.is\/index.php?rest_route=\/wp\/v2\/posts\/2009\/revisions"}],"predecessor-version":[{"id":2016,"href":"https:\/\/graenaorkan.is\/index.php?rest_route=\/wp\/v2\/posts\/2009\/revisions\/2016"}],"wp:attachment":[{"href":"https:\/\/graenaorkan.is\/index.php?rest_route=%2Fwp%2Fv2%2Fmedia&parent=2009"}],"wp:term":[{"taxonomy":"category","embeddable":true,"href":"https:\/\/graenaorkan.is\/index.php?rest_route=%2Fwp%2Fv2%2Fcategories&post=2009"},{"taxonomy":"post_tag","embeddable":true,"href":"https:\/\/graenaorkan.is\/index.php?rest_route=%2Fwp%2Fv2%2Ftags&post=2009"}],"curies":[{"name":"wp","href":"https:\/\/api.w.org\/{rel}","templated":true}]}}