{"id":2017,"date":"2020-02-03T08:49:13","date_gmt":"2020-02-03T08:49:13","guid":{"rendered":"http:\/\/graenaorkan.is\/?p=2017"},"modified":"2020-02-03T08:49:13","modified_gmt":"2020-02-03T08:49:13","slug":"thridja-arlega-umhverfisradstefna-gallup","status":"publish","type":"post","link":"https:\/\/graenaorkan.is\/?p=2017","title":{"rendered":"\u00deri\u00f0ja \u00e1rlega Umhverfisr\u00e1\u00f0stefna Gallup"},"content":{"rendered":"<p style=\"padding-left: 30px;\"><img decoding=\"async\" src=\"https:\/\/cdn.gallup.is\/media\/images\/Skjar_fyrir_utan_sal_2TEMRGf.2e16d0ba.fill-800x450.jpg\" \/><\/p>\n<p style=\"padding-left: 30px;\">\u00deri\u00f0ja \u00e1rlega Umhverfisr\u00e1\u00f0stefna Gallup fer fram \u00ed H\u00f6rpu 19. febr\u00faar n\u00e6stkomandi. \u00dear ver\u00f0a kynntar ni\u00f0urst\u00f6\u00f0ur n\u00fdrrar k\u00f6nnunar me\u00f0al \u00cdslendinga um vi\u00f0horf og heg\u00f0un \u00ed tengslum vi\u00f0 umhverfism\u00e1l og loftslagsbreytingar.<\/p>\n<p style=\"padding-left: 30px;\"><a href=\"https:\/\/www.us5.list-manage.com\/track\/click?u=b494522e5c95c8b55040a753b&amp;id=873071467e&amp;e=0ec2d008f1\">H\u00e9r er a\u00f0 finna fr\u00f3\u00f0leik fr\u00e1 fyrri r\u00e1\u00f0stefnum<\/a> en <a href=\"https:\/\/www.gallup.is\/vidburdir\/umhverfisradstefna\/\">skr\u00e1ning hefst flj\u00f3tlega<\/a>.<\/p>\n","protected":false},"excerpt":{"rendered":"<p>\u00deri\u00f0ja \u00e1rlega Umhverfisr\u00e1\u00f0stefna Gallup fer fram \u00ed H\u00f6rpu 19. febr\u00faar n\u00e6stkomandi. \u00dear ver\u00f0a kynntar ni\u00f0urst\u00f6\u00f0ur n\u00fdrrar k\u00f6nnunar me\u00f0al \u00cdslendinga um vi\u00f0horf og heg\u00f0un \u00ed tengslum vi\u00f0 umhverfism\u00e1l og loftslagsbreytingar. H\u00e9r er a\u00f0 finna fr\u00f3\u00f0leik fr\u00e1 fyrri r\u00e1\u00f0stefnum en skr\u00e1ning hefst &hellip; <a href=\"https:\/\/graenaorkan.is\/?p=2017\">Continue reading <span class=\"meta-nav\">&rarr;<\/span><\/a><\/p>\n","protected":false},"author":5,"featured_media":0,"comment_status":"closed","ping_status":"closed","sticky":false,"template":"","format":"standard","meta":[],"categories":[5,24,19],"tags":[],"_links":{"self":[{"href":"https:\/\/graenaorkan.is\/index.php?rest_route=\/wp\/v2\/posts\/2017"}],"collection":[{"href":"https:\/\/graenaorkan.is\/index.php?rest_route=\/wp\/v2\/posts"}],"about":[{"href":"https:\/\/graenaorkan.is\/index.php?rest_route=\/wp\/v2\/types\/post"}],"author":[{"embeddable":true,"href":"https:\/\/graenaorkan.is\/index.php?rest_route=\/wp\/v2\/users\/5"}],"replies":[{"embeddable":true,"href":"https:\/\/graenaorkan.is\/index.php?rest_route=%2Fwp%2Fv2%2Fcomments&post=2017"}],"version-history":[{"count":2,"href":"https:\/\/graenaorkan.is\/index.php?rest_route=\/wp\/v2\/posts\/2017\/revisions"}],"predecessor-version":[{"id":2019,"href":"https:\/\/graenaorkan.is\/index.php?rest_route=\/wp\/v2\/posts\/2017\/revisions\/2019"}],"wp:attachment":[{"href":"https:\/\/graenaorkan.is\/index.php?rest_route=%2Fwp%2Fv2%2Fmedia&parent=2017"}],"wp:term":[{"taxonomy":"category","embeddable":true,"href":"https:\/\/graenaorkan.is\/index.php?rest_route=%2Fwp%2Fv2%2Fcategories&post=2017"},{"taxonomy":"post_tag","embeddable":true,"href":"https:\/\/graenaorkan.is\/index.php?rest_route=%2Fwp%2Fv2%2Ftags&post=2017"}],"curies":[{"name":"wp","href":"https:\/\/api.w.org\/{rel}","templated":true}]}}