{"id":2021,"date":"2020-02-07T13:51:24","date_gmt":"2020-02-07T13:51:24","guid":{"rendered":"http:\/\/graenaorkan.is\/?p=2021"},"modified":"2020-02-07T13:51:24","modified_gmt":"2020-02-07T13:51:24","slug":"200-milljonir-til-uppbyggingar-innvida-fyrir-orkuskipti-i-samgongum","status":"publish","type":"post","link":"https:\/\/graenaorkan.is\/?p=2021","title":{"rendered":"200 millj\u00f3nir til uppbyggingar innvi\u00f0a fyrir orkuskipti \u00ed samg\u00f6ngum"},"content":{"rendered":"<p><a href=\"https:\/\/graenaorkan.is\/wp-content\/uploads\/2015\/11\/fast-charging-cars.jpg\"><img decoding=\"async\" loading=\"lazy\" class=\"aligncenter size-full wp-image-1218\" src=\"https:\/\/graenaorkan.is\/wp-content\/uploads\/2015\/11\/fast-charging-cars.jpg\" alt=\"\" width=\"638\" height=\"359\" srcset=\"https:\/\/graenaorkan.is\/wp-content\/uploads\/2015\/11\/fast-charging-cars.jpg 638w, https:\/\/graenaorkan.is\/wp-content\/uploads\/2015\/11\/fast-charging-cars-300x168.jpg 300w, https:\/\/graenaorkan.is\/wp-content\/uploads\/2015\/11\/fast-charging-cars-355x200.jpg 355w\" sizes=\"(max-width: 638px) 100vw, 638px\" \/><\/a><\/p>\n<p>\u00de\u00f3rd\u00eds Kolbr\u00fan Reykfj\u00f6r\u00f0 Gylfad\u00f3ttir, fer\u00f0am\u00e1la-, i\u00f0na\u00f0ar og n\u00fdsk\u00f6punarr\u00e1\u00f0herra og Gu\u00f0mundur Ingi Gu\u00f0brandsson, umhverfis- og au\u00f0lindar\u00e1\u00f0herra, hafa \u00e1kve\u00f0i\u00f0 a\u00f0 veita 200 millj\u00f3num kr\u00f3na \u00ed styrki til uppbyggingar innvi\u00f0a fyrir orkuskipti \u00ed samg\u00f6ngum.<\/p>\n<p>\u00c1\u00e6tla\u00f0 er a\u00f0 verja 100 millj\u00f3num kr\u00f3na \u00ed styrki fyrir innvi\u00f0i sem \u00e6tla\u00f0 er a\u00f0 \u00fdta undir fj\u00f6lgun vistv\u00e6nna bifrei\u00f0a\u00a0sem \u00feeir ganga fyrir metani, l\u00edfeldsneyti, vetni e\u00f0a rafmagni hj\u00e1 a\u00f0ilum sem reka f\u00f3lks- og h\u00f3pbifrei\u00f0ar<\/p>\n<p>\u00de\u00e1 ver\u00f0ur 70 millj\u00f3num kr\u00f3na vari\u00f0 \u00ed styrki vegna raftenginga e\u00f0a hitaveitna \u00ed h\u00f6fnum landsins \u00ed \u00fev\u00ed skyni a\u00f0 \u00fdta undir orkuskipti \u00ed haftengdri starfsemi.<\/p>\n<p>Loks ver\u00f0ur 30 millj\u00f3num kr\u00f3na vari\u00f0 \u00ed styrki fyrir hle\u00f0slust\u00f6\u00f0var vi\u00f0 gistista\u00f0i og veitingasta\u00f0i.<\/p>\n<p>\u00c1kv\u00f6r\u00f0un r\u00e1\u00f0herranna byggir \u00e1 till\u00f6gum starfsh\u00f3ps sem r\u00e1\u00f0herrarnir skipu\u00f0u s\u00ed\u00f0astli\u00f0i\u00f0 haust. Starfsh\u00f3purinn leita\u00f0i samstarfs vi\u00f0 Gr\u00e6nu orkuna- samstarfsvettvang um orkuskipti, til a\u00f0 byggja \u00e1 bestu m\u00f6gulegu uppl\u00fdsingum um hva\u00f0a n\u00fdir innvi\u00f0ir geti best hra\u00f0a\u00f0 orkuskiptum, hvort sem \u00feeir eru \u00e1 landi e\u00f0a \u00ed haftengdri starfsemi. Till\u00f6gurnar byggja a\u00f0 miklu leyti \u00e1 framlagi \u00far \u00feeirri hugmyndavinnu sem st\u00f3r h\u00f3pur \u00far atvinnul\u00edfinu kom a\u00f0.<\/p>\n<p>Fr\u00e9tt Stj\u00f3rnarr\u00e1\u00f0sins \u00ed heild sinni <a href=\"https:\/\/www.stjornarradid.is\/efst-a-baugi\/frettir\/stok-frett\/2020\/02\/07\/Milljardi-varid-i-fjarfestingar-vegna-innvida-fyrir-orkuskipti-a-tveimur-arum\/?fbclid=IwAR24jxVG6Qr0CejukoAb8nWTgSuLSyzsMOfox5dgB1zUnTUj1tR3XVmpTQ8\">m\u00e1 lesa h\u00e9r<\/a>.<\/p>\n<p><a href=\"https:\/\/www.stjornarradid.is\/lisalib\/getfile.aspx?itemid=0094efa6-4994-11ea-9454-005056bc530c\">H\u00e9r m\u00e1 finna sk\u00fdrslu Gr\u00e6nu orkunnar<\/a> og sk\u00fdrslu starfsh\u00f3ps r\u00e1\u00f0uneyta er <a href=\"https:\/\/www.stjornarradid.is\/lisalib\/getfile.aspx?itemid=28f7220b-4994-11ea-9454-005056bc530c\">a\u00f0 finna h\u00e9r<\/a>.<\/p>\n","protected":false},"excerpt":{"rendered":"<p>\u00de\u00f3rd\u00eds Kolbr\u00fan Reykfj\u00f6r\u00f0 Gylfad\u00f3ttir, fer\u00f0am\u00e1la-, i\u00f0na\u00f0ar og n\u00fdsk\u00f6punarr\u00e1\u00f0herra og Gu\u00f0mundur Ingi Gu\u00f0brandsson, umhverfis- og au\u00f0lindar\u00e1\u00f0herra, hafa \u00e1kve\u00f0i\u00f0 a\u00f0 veita 200 millj\u00f3num kr\u00f3na \u00ed styrki til uppbyggingar innvi\u00f0a fyrir orkuskipti \u00ed samg\u00f6ngum. \u00c1\u00e6tla\u00f0 er a\u00f0 verja 100 millj\u00f3num kr\u00f3na \u00ed styrki &hellip; <a href=\"https:\/\/graenaorkan.is\/?p=2021\">Continue reading <span class=\"meta-nav\">&rarr;<\/span><\/a><\/p>\n","protected":false},"author":5,"featured_media":0,"comment_status":"closed","ping_status":"closed","sticky":false,"template":"","format":"standard","meta":[],"categories":[17,24,19,18,21],"tags":[],"_links":{"self":[{"href":"https:\/\/graenaorkan.is\/index.php?rest_route=\/wp\/v2\/posts\/2021"}],"collection":[{"href":"https:\/\/graenaorkan.is\/index.php?rest_route=\/wp\/v2\/posts"}],"about":[{"href":"https:\/\/graenaorkan.is\/index.php?rest_route=\/wp\/v2\/types\/post"}],"author":[{"embeddable":true,"href":"https:\/\/graenaorkan.is\/index.php?rest_route=\/wp\/v2\/users\/5"}],"replies":[{"embeddable":true,"href":"https:\/\/graenaorkan.is\/index.php?rest_route=%2Fwp%2Fv2%2Fcomments&post=2021"}],"version-history":[{"count":1,"href":"https:\/\/graenaorkan.is\/index.php?rest_route=\/wp\/v2\/posts\/2021\/revisions"}],"predecessor-version":[{"id":2022,"href":"https:\/\/graenaorkan.is\/index.php?rest_route=\/wp\/v2\/posts\/2021\/revisions\/2022"}],"wp:attachment":[{"href":"https:\/\/graenaorkan.is\/index.php?rest_route=%2Fwp%2Fv2%2Fmedia&parent=2021"}],"wp:term":[{"taxonomy":"category","embeddable":true,"href":"https:\/\/graenaorkan.is\/index.php?rest_route=%2Fwp%2Fv2%2Fcategories&post=2021"},{"taxonomy":"post_tag","embeddable":true,"href":"https:\/\/graenaorkan.is\/index.php?rest_route=%2Fwp%2Fv2%2Ftags&post=2021"}],"curies":[{"name":"wp","href":"https:\/\/api.w.org\/{rel}","templated":true}]}}