{"id":2024,"date":"2020-05-06T09:55:06","date_gmt":"2020-05-06T09:55:06","guid":{"rendered":"http:\/\/graenaorkan.is\/?p=2024"},"modified":"2020-05-06T09:55:06","modified_gmt":"2020-05-06T09:55:06","slug":"300-milljona-aukaframlagi-varid-til-orkuskipta","status":"publish","type":"post","link":"https:\/\/graenaorkan.is\/?p=2024","title":{"rendered":"300 millj\u00f3na aukaframlagi vari\u00f0 til orkuskipta"},"content":{"rendered":"<p><img decoding=\"async\" loading=\"lazy\" class=\"aligncenter\" src=\"https:\/\/images.unsplash.com\/photo-1438707207584-d9fcda4a60e7?ixlib=rb-1.2.1&amp;ixid=eyJhcHBfaWQiOjEyMDd9&amp;w=1000&amp;q=80\" alt=\"close-up photo of gree nleaf\" width=\"472\" height=\"319\" \/><\/p>\n<p>B\u00fai\u00f0 er a\u00f0 \u00fatf\u00e6ra n\u00e1nar hvernig skiptingu 550 millj\u00f3na aukaframlags til loftslagsm\u00e1la ver\u00f0ur h\u00e1tta\u00f0, en upph\u00e6\u00f0in er hluti af s\u00e9rst\u00f6ku t\u00edmabundnu fj\u00e1rfestinga\u00e1taki r\u00edkisstj\u00f3rnarinnar sem Al\u00feingi sam\u00feykkti \u00ed lok mars til a\u00f0 vinna gegn samdr\u00e6tti \u00ed hagkerfinu.<\/p>\n<p>Gert er r\u00e1\u00f0 fyrir a\u00f0 300 millj\u00f3num ver\u00f0i vari\u00f0 til verkefna vegna orkuskipta.<\/p>\n<ul>\n<li>Um tveir \u00feri\u00f0ju \u00feess fj\u00e1rmagns eiga a\u00f0 stu\u00f0la a\u00f0 frekari rafv\u00e6\u00f0ingu hafna (210 millj\u00f3nir)<\/li>\n<li>R\u00e1\u00f0ist ver\u00f0ur \u00ed \u00fattekt \u00e1 \u00e1vinningi innlendrar eldsneytisframlei\u00f0slu (10 millj\u00f3nir)<\/li>\n<li>Greindar ver\u00f0a hindranir og t\u00e6kif\u00e6ri svo hra\u00f0a megi orkuskiptum \u00ed b\u00edlaflotum b\u00edlaleiga (20 millj\u00f3nir)<\/li>\n<li>M\u00f6guleikar til orkuskipta \u00ed \u00feungaflutningum ver\u00f0a rannsaka\u00f0ir (10 millj\u00f3nir)<\/li>\n<li>Eins ver\u00f0a styrkir veittir f\u00e9lagasamt\u00f6kum til rafv\u00e6\u00f0ingar gistisk\u00e1la sem liggja utan almenna raforkukerfisins (50 millj\u00f3nir)<\/li>\n<\/ul>\n<p>Sj\u00e1 n\u00e1nar \u00ed fr\u00e9tt \u00e1 <a href=\"https:\/\/www.ruv.is\/frett\/2020\/05\/05\/skipta-550-milljona-aukaframlagi-til-loftslagsmala?fbclid=IwAR1OZ_Lihh5oR83z7M3VtTfnVzVI6RfTqSUIPz7-eswIC__J6CED3N4c1VE\">ruv.is<\/a> og <a href=\"https:\/\/www.stjornarradid.is\/efst-a-baugi\/frettir\/stok-frett\/2020\/05\/05\/Adgerdum-i-loftslagsmalum-flytt\/\">vef Stj\u00f3rnarr\u00e1\u00f0sins<\/a>. Gr\u00e6na orkan fagnar \u00fev\u00ed a\u00f0 auki\u00f0 fj\u00e1rmagn s\u00e9 lagt til orkuskipta!<\/p>\n","protected":false},"excerpt":{"rendered":"<p>B\u00fai\u00f0 er a\u00f0 \u00fatf\u00e6ra n\u00e1nar hvernig skiptingu 550 millj\u00f3na aukaframlags til loftslagsm\u00e1la ver\u00f0ur h\u00e1tta\u00f0, en upph\u00e6\u00f0in er hluti af s\u00e9rst\u00f6ku t\u00edmabundnu fj\u00e1rfestinga\u00e1taki r\u00edkisstj\u00f3rnarinnar sem Al\u00feingi sam\u00feykkti \u00ed lok mars til a\u00f0 vinna gegn samdr\u00e6tti \u00ed hagkerfinu. Gert er r\u00e1\u00f0 fyrir &hellip; <a href=\"https:\/\/graenaorkan.is\/?p=2024\">Continue reading <span class=\"meta-nav\">&rarr;<\/span><\/a><\/p>\n","protected":false},"author":5,"featured_media":0,"comment_status":"closed","ping_status":"closed","sticky":false,"template":"","format":"standard","meta":[],"categories":[17,24,4,19,18],"tags":[],"_links":{"self":[{"href":"https:\/\/graenaorkan.is\/index.php?rest_route=\/wp\/v2\/posts\/2024"}],"collection":[{"href":"https:\/\/graenaorkan.is\/index.php?rest_route=\/wp\/v2\/posts"}],"about":[{"href":"https:\/\/graenaorkan.is\/index.php?rest_route=\/wp\/v2\/types\/post"}],"author":[{"embeddable":true,"href":"https:\/\/graenaorkan.is\/index.php?rest_route=\/wp\/v2\/users\/5"}],"replies":[{"embeddable":true,"href":"https:\/\/graenaorkan.is\/index.php?rest_route=%2Fwp%2Fv2%2Fcomments&post=2024"}],"version-history":[{"count":2,"href":"https:\/\/graenaorkan.is\/index.php?rest_route=\/wp\/v2\/posts\/2024\/revisions"}],"predecessor-version":[{"id":2026,"href":"https:\/\/graenaorkan.is\/index.php?rest_route=\/wp\/v2\/posts\/2024\/revisions\/2026"}],"wp:attachment":[{"href":"https:\/\/graenaorkan.is\/index.php?rest_route=%2Fwp%2Fv2%2Fmedia&parent=2024"}],"wp:term":[{"taxonomy":"category","embeddable":true,"href":"https:\/\/graenaorkan.is\/index.php?rest_route=%2Fwp%2Fv2%2Fcategories&post=2024"},{"taxonomy":"post_tag","embeddable":true,"href":"https:\/\/graenaorkan.is\/index.php?rest_route=%2Fwp%2Fv2%2Ftags&post=2024"}],"curies":[{"name":"wp","href":"https:\/\/api.w.org\/{rel}","templated":true}]}}