{"id":2031,"date":"2020-06-24T09:28:50","date_gmt":"2020-06-24T09:28:50","guid":{"rendered":"http:\/\/graenaorkan.is\/?p=2031"},"modified":"2020-06-24T09:28:50","modified_gmt":"2020-06-24T09:28:50","slug":"ny-adgerdaaaetlun-i-loftslagsmalum-kynnt","status":"publish","type":"post","link":"https:\/\/graenaorkan.is\/?p=2031","title":{"rendered":"N\u00fd a\u00f0ger\u00f0a\u00e1\u00e6tlun \u00ed loftslagsm\u00e1lum kynnt"},"content":{"rendered":"<p>Katr\u00edn Jakobsd\u00f3ttir, fors\u00e6tisr\u00e1\u00f0herra, Gu\u00f0mundur Ingi Gu\u00f0brandsson, umhverfis- og au\u00f0lindar\u00e1\u00f0herra, Bjarni Benediktsson, fj\u00e1rm\u00e1lar\u00e1\u00f0herra og Sigur\u00f0ur Ingi J\u00f3hannsson, samg\u00f6ngu- og sveitarstj\u00f3rnarr\u00e1\u00f0herra kynntu a\u00f0ra \u00fatg\u00e1fu a\u00f0ger\u00f0a\u00e1\u00e6tlunar \u00ed loftslagsm\u00e1lum \u00ed g\u00e6r, 23. j\u00fan\u00ed. Me\u00f0 a\u00f0ger\u00f0unum er \u00e1\u00e6tla\u00f0 a\u00f0 losun gr\u00f3\u00f0urh\u00fasalofttegunda \u00e1 beinni \u00e1byrg\u00f0 \u00cdslands muni hafa dregist saman um r\u00edflega eina millj\u00f3n tonna CO2-\u00edgilda \u00e1ri\u00f0 2030 mi\u00f0a\u00f0 vi\u00f0 losun \u00e1rsins 2005.<\/p>\n<p><img decoding=\"async\" src=\"https:\/\/www.stjornarradid.is\/library\/01--Frettatengt---myndir-og-skrar\/UAR\/Mynd1.png?proc=LargeImage\" alt=\" \" \/><\/p>\n<p>46 millj\u00f6r\u00f0um kr\u00f3na ver\u00f0ur vari\u00f0 til helstu a\u00f0ger\u00f0a \u00ed loftslagsm\u00e1lum \u00e1 fimm \u00e1ra t\u00edmabili, 2020-2024. \u00c1\u00e6tlunin samanstendur af 48 a\u00f0ger\u00f0um, \u00fear af 15 n\u00fdjum, sem hafa b\u00e6st vi\u00f0 fr\u00e1 \u00fev\u00ed a\u00f0 fyrsta \u00fatg\u00e1fa \u00e1\u00e6tlunarinnar var gefin \u00fat hausti\u00f0 2018. Samhli\u00f0a v\u00ed\u00f0t\u00e6ku samr\u00e1\u00f0i vi\u00f0 ger\u00f0 n\u00fdrrar \u00fatg\u00e1fu \u00e1\u00e6tlunarinnar hefur veri\u00f0 l\u00f6g\u00f0 \u00e1hersla \u00e1 a\u00f0 hrinda a\u00f0ger\u00f0um strax af sta\u00f0. \u00deannig eru 28 a\u00f0ger\u00f0ir af 48 \u00feegar komnar til framkv\u00e6mda.<\/p>\n<p>Sj\u00e1 n\u00e1nar \u00e1 <a href=\"https:\/\/www.stjornarradid.is\/efst-a-baugi\/frettir\/stok-frett\/2020\/06\/23\/Ny-adgerdaaaetlun-i-loftslagsmalum-Island-uppfyllir-skuldbindingar-og-gott-betur\/\">vef Stj\u00f3rnarr\u00e1\u00f0sins<\/a>.<\/p>\n<p>&nbsp;<\/p>\n","protected":false},"excerpt":{"rendered":"<p>Katr\u00edn Jakobsd\u00f3ttir, fors\u00e6tisr\u00e1\u00f0herra, Gu\u00f0mundur Ingi Gu\u00f0brandsson, umhverfis- og au\u00f0lindar\u00e1\u00f0herra, Bjarni Benediktsson, fj\u00e1rm\u00e1lar\u00e1\u00f0herra og Sigur\u00f0ur Ingi J\u00f3hannsson, samg\u00f6ngu- og sveitarstj\u00f3rnarr\u00e1\u00f0herra kynntu a\u00f0ra \u00fatg\u00e1fu a\u00f0ger\u00f0a\u00e1\u00e6tlunar \u00ed loftslagsm\u00e1lum \u00ed g\u00e6r, 23. j\u00fan\u00ed. Me\u00f0 a\u00f0ger\u00f0unum er \u00e1\u00e6tla\u00f0 a\u00f0 losun gr\u00f3\u00f0urh\u00fasalofttegunda \u00e1 beinni \u00e1byrg\u00f0 \u00cdslands &hellip; <a href=\"https:\/\/graenaorkan.is\/?p=2031\">Continue reading <span class=\"meta-nav\">&rarr;<\/span><\/a><\/p>\n","protected":false},"author":5,"featured_media":0,"comment_status":"closed","ping_status":"closed","sticky":false,"template":"","format":"standard","meta":[],"categories":[20,24,21],"tags":[],"_links":{"self":[{"href":"https:\/\/graenaorkan.is\/index.php?rest_route=\/wp\/v2\/posts\/2031"}],"collection":[{"href":"https:\/\/graenaorkan.is\/index.php?rest_route=\/wp\/v2\/posts"}],"about":[{"href":"https:\/\/graenaorkan.is\/index.php?rest_route=\/wp\/v2\/types\/post"}],"author":[{"embeddable":true,"href":"https:\/\/graenaorkan.is\/index.php?rest_route=\/wp\/v2\/users\/5"}],"replies":[{"embeddable":true,"href":"https:\/\/graenaorkan.is\/index.php?rest_route=%2Fwp%2Fv2%2Fcomments&post=2031"}],"version-history":[{"count":1,"href":"https:\/\/graenaorkan.is\/index.php?rest_route=\/wp\/v2\/posts\/2031\/revisions"}],"predecessor-version":[{"id":2032,"href":"https:\/\/graenaorkan.is\/index.php?rest_route=\/wp\/v2\/posts\/2031\/revisions\/2032"}],"wp:attachment":[{"href":"https:\/\/graenaorkan.is\/index.php?rest_route=%2Fwp%2Fv2%2Fmedia&parent=2031"}],"wp:term":[{"taxonomy":"category","embeddable":true,"href":"https:\/\/graenaorkan.is\/index.php?rest_route=%2Fwp%2Fv2%2Fcategories&post=2031"},{"taxonomy":"post_tag","embeddable":true,"href":"https:\/\/graenaorkan.is\/index.php?rest_route=%2Fwp%2Fv2%2Ftags&post=2031"}],"curies":[{"name":"wp","href":"https:\/\/api.w.org\/{rel}","templated":true}]}}