{"id":2040,"date":"2020-08-20T14:43:41","date_gmt":"2020-08-20T14:43:41","guid":{"rendered":"http:\/\/graenaorkan.is\/?p=2040"},"modified":"2020-09-02T08:36:35","modified_gmt":"2020-09-02T08:36:35","slug":"rafhjolamenning-vefvidburdur-25-agust","status":"publish","type":"post","link":"https:\/\/graenaorkan.is\/?p=2040","title":{"rendered":"Rafhj\u00f3lamenning vefvi\u00f0bur\u00f0ur 25. \u00e1g\u00fast"},"content":{"rendered":"<div style=\"width: 1039px\" class=\"wp-caption alignnone\"><img decoding=\"async\" loading=\"lazy\" src=\"https:\/\/scontent.frkv2-1.fna.fbcdn.net\/v\/t1.0-9\/92572208_2819485514772771_5903132931433431040_o.jpg?_nc_cat=100&amp;_nc_sid=b386c4&amp;_nc_ohc=fkukLp3obvUAX9hHrTA&amp;_nc_ht=scontent.frkv2-1.fna&amp;oh=c34b6ac7d26a4f1ac4ee7bcd4b7163ca&amp;oe=5F629045\" alt=\"Image may contain: bicycle and outdoor\" width=\"1029\" height=\"471\" \/><p class=\"wp-caption-text\">Mynd fr\u00e1 Hj\u00f3lavef Reykjav\u00edkurborgar: http:\/\/hjolaborgin.is\/markmid\/?goto=2#8<\/p><\/div>\n<p>Gr\u00e6na orkan, Gr\u00e6nni bygg\u00f0, Hj\u00f3laf\u00e6rni, Orkustofnun og Stj\u00f3rnv\u00edsi bj\u00f3\u00f0a til veffyrirlestra undir yfirskriftinni\u00a0<em>Rafhj\u00f3lav\u00e6\u00f0ingin<\/em> \u00ed h\u00e1deginu \u00feri\u00f0judaginn 25. \u00e1g\u00fast. Vegna samkomutakmarkana hefur veri\u00f0 \u00e1kve\u00f0i\u00f0 a\u00f0 hafa fundinn eing\u00f6ngu \u00e1 Zoom. Hlekkur mun ver\u00f0a birtur h\u00e9r og \u00e1 <a href=\"https:\/\/www.facebook.com\/events\/916992935424478\/\">Facebook vi\u00f0bur\u00f0i<\/a> \u00feegar n\u00e6r dregur. Dagskr\u00e1in ver\u00f0ur eftirfarandi:<\/p>\n<p>Reynslan hj\u00e1 Reykjav\u00edkurborg<br \/>\nKristinn Eysteinsson, verkefnastj\u00f3ri hj\u00e1 Reykjav\u00edkurborg<\/p>\n<p>Rafhj\u00f3lareynslan hj\u00e1 Nor\u00f0urorku<br \/>\nErla Bj\u00f6rg Gu\u00f0mundsd\u00f3ttir, mannau\u00f0sstj\u00f3ri hj\u00e1 Nor\u00f0urorku<\/p>\n<p>\u00d6rfl\u00e6\u00f0i: L\u00edtill m\u00f3tor fyrir stuttar fer\u00f0ir<br \/>\nJ\u00f6kull S\u00f3lberg Au\u00f0unsson, stofnandi Planitor<\/p>\n<p>A\u00f0sta\u00f0a vi\u00f0 verslunar- og \u00fej\u00f3nustukjarna<br \/>\nBaldur M\u00e1r Helgason, framkv\u00e6mdastj\u00f3ri hj\u00e1 Reginn fasteignaf\u00e9lagi<\/p>\n<p>Reynsla Landssp\u00edtalans<br \/>\nHulda Steingr\u00edmsd\u00f3ttir, umhverfisstj\u00f3ri Landsp\u00edtala<\/p>\n<p>Rafhj\u00f3l: \u00dej\u00f3nn \u00e1 \u00feeytingi<br \/>\nSesselja Traustad\u00f3ttir framkv\u00e6mdast\u00fdra Hj\u00f3laf\u00e6rni<\/p>\n<p>Fundarstj\u00f3ri ver\u00f0ur Anna Margr\u00e9t Kornel\u00edusd\u00f3ttir, verkefnastj\u00f3ri Gr\u00e6nu orkunnar.<\/p>\n<p>H\u00e9r m\u00e1 sj\u00e1 uppt\u00f6ku fr\u00e1 vi\u00f0bur\u00f0inum:<\/p>\n<p><iframe loading=\"lazy\" width=\"584\" height=\"329\" src=\"https:\/\/www.youtube.com\/embed\/4X3Ny87FROs?feature=oembed\" frameborder=\"0\" allow=\"accelerometer; autoplay; encrypted-media; gyroscope; picture-in-picture\" allowfullscreen><\/iframe><\/p>\n","protected":false},"excerpt":{"rendered":"<p>Gr\u00e6na orkan, Gr\u00e6nni bygg\u00f0, Hj\u00f3laf\u00e6rni, Orkustofnun og Stj\u00f3rnv\u00edsi bj\u00f3\u00f0a til veffyrirlestra undir yfirskriftinni\u00a0Rafhj\u00f3lav\u00e6\u00f0ingin \u00ed h\u00e1deginu \u00feri\u00f0judaginn 25. \u00e1g\u00fast. Vegna samkomutakmarkana hefur veri\u00f0 \u00e1kve\u00f0i\u00f0 a\u00f0 hafa fundinn eing\u00f6ngu \u00e1 Zoom. Hlekkur mun ver\u00f0a birtur h\u00e9r og \u00e1 Facebook vi\u00f0bur\u00f0i \u00feegar n\u00e6r &hellip; <a href=\"https:\/\/graenaorkan.is\/?p=2040\">Continue reading <span class=\"meta-nav\">&rarr;<\/span><\/a><\/p>\n","protected":false},"author":5,"featured_media":0,"comment_status":"closed","ping_status":"closed","sticky":false,"template":"","format":"standard","meta":[],"categories":[5,18],"tags":[],"_links":{"self":[{"href":"https:\/\/graenaorkan.is\/index.php?rest_route=\/wp\/v2\/posts\/2040"}],"collection":[{"href":"https:\/\/graenaorkan.is\/index.php?rest_route=\/wp\/v2\/posts"}],"about":[{"href":"https:\/\/graenaorkan.is\/index.php?rest_route=\/wp\/v2\/types\/post"}],"author":[{"embeddable":true,"href":"https:\/\/graenaorkan.is\/index.php?rest_route=\/wp\/v2\/users\/5"}],"replies":[{"embeddable":true,"href":"https:\/\/graenaorkan.is\/index.php?rest_route=%2Fwp%2Fv2%2Fcomments&post=2040"}],"version-history":[{"count":5,"href":"https:\/\/graenaorkan.is\/index.php?rest_route=\/wp\/v2\/posts\/2040\/revisions"}],"predecessor-version":[{"id":2046,"href":"https:\/\/graenaorkan.is\/index.php?rest_route=\/wp\/v2\/posts\/2040\/revisions\/2046"}],"wp:attachment":[{"href":"https:\/\/graenaorkan.is\/index.php?rest_route=%2Fwp%2Fv2%2Fmedia&parent=2040"}],"wp:term":[{"taxonomy":"category","embeddable":true,"href":"https:\/\/graenaorkan.is\/index.php?rest_route=%2Fwp%2Fv2%2Fcategories&post=2040"},{"taxonomy":"post_tag","embeddable":true,"href":"https:\/\/graenaorkan.is\/index.php?rest_route=%2Fwp%2Fv2%2Ftags&post=2040"}],"curies":[{"name":"wp","href":"https:\/\/api.w.org\/{rel}","templated":true}]}}