{"id":2085,"date":"2020-12-02T09:18:39","date_gmt":"2020-12-02T09:18:39","guid":{"rendered":"http:\/\/graenaorkan.is\/?p=2085"},"modified":"2020-12-02T09:18:39","modified_gmt":"2020-12-02T09:18:39","slug":"vefvidburdur-orkuklasans-um-vetni-3-desember-2020","status":"publish","type":"post","link":"https:\/\/graenaorkan.is\/?p=2085","title":{"rendered":"Vefvi\u00f0bur\u00f0ur Orkuklasans um vetni 3. desember 2020"},"content":{"rendered":"<div dir=\"auto\"><a href=\"https:\/\/www.energycluster.is\/\">Orkuklasinn<\/a> stendur fyrir vefvi\u00f0bur\u00f0i um reynslu \u00dej\u00f3\u00f0verja af vetnisn\u00fdtingu \u00ed samstarfi vi\u00f0 Sendir\u00e1\u00f0 \u00cdslands \u00ed Berl\u00edn. Vi\u00f0bur\u00f0urinn fer fram \u00e1 ensku \u00feann 3. desember n\u00e6stkomandi klukkan 9:00-10:15.<\/div>\n<div dir=\"auto\">Dagkr\u00e1in ver\u00f0ur eftirfarandi:<\/div>\n<div dir=\"auto\">\n<ul>\n<li>Maria Erla Marelsdottir,\u00a0<a href=\"https:\/\/icelandgeothermal.us13.list-manage.com\/track\/click?u=545c2fd9e2b1f95e7559d4460&amp;id=e17cafed2c&amp;e=0d3e0a9a1f\"><strong>Icelandic Embassy, Berlin<\/strong><\/a><\/li>\n<li>David Bothe,\u00a0<a href=\"https:\/\/icelandgeothermal.us13.list-manage.com\/track\/click?u=545c2fd9e2b1f95e7559d4460&amp;id=ba152161c3&amp;e=0d3e0a9a1f\"><strong>Frontier Economics<\/strong><\/a>\u00a0&#8211; \u201cHydrogen and E-fuels \u2013 key ingredient for a successful energy transition in Germany\u201c<\/li>\n<li>Sabine Augustin,\u00a0<strong><a href=\"https:\/\/icelandgeothermal.us13.list-manage.com\/track\/click?u=545c2fd9e2b1f95e7559d4460&amp;id=b3c8e9928a&amp;e=0d3e0a9a1f\">OGE<\/a><\/strong>\u00a0\u2013 \u201cHydrogen, infrastructure and technology\u201d<\/li>\n<li>Prof. Dr. J\u00fcrgen Peterseim,\u00a0<a href=\"https:\/\/icelandgeothermal.us13.list-manage.com\/track\/click?u=545c2fd9e2b1f95e7559d4460&amp;id=b043a4ee86&amp;e=0d3e0a9a1f\"><strong>PWC<\/strong><\/a>\u00a0&#8211; \u201cHydrogen for industrial application &#8211; demand and examples\u201d<\/li>\n<\/ul>\n<\/div>\n<p><a href=\"https:\/\/us02web.zoom.us\/meeting\/register\/tZYrcuuqrDkjH9PFzLBd6ruAAL8hD0_GNeQq\">Skr\u00e1ning fer fram h\u00e9r.<\/a><\/p>\n<p><a href=\"https:\/\/graenaorkan.is\/wp-content\/uploads\/2020\/12\/Orkuklasinn-3-Dec-2020.png\"><img decoding=\"async\" loading=\"lazy\" class=\"aligncenter size-full wp-image-2086\" src=\"https:\/\/graenaorkan.is\/wp-content\/uploads\/2020\/12\/Orkuklasinn-3-Dec-2020.png\" alt=\"\" width=\"1280\" height=\"719\" srcset=\"https:\/\/graenaorkan.is\/wp-content\/uploads\/2020\/12\/Orkuklasinn-3-Dec-2020.png 1280w, https:\/\/graenaorkan.is\/wp-content\/uploads\/2020\/12\/Orkuklasinn-3-Dec-2020-300x169.png 300w, https:\/\/graenaorkan.is\/wp-content\/uploads\/2020\/12\/Orkuklasinn-3-Dec-2020-768x431.png 768w, https:\/\/graenaorkan.is\/wp-content\/uploads\/2020\/12\/Orkuklasinn-3-Dec-2020-1024x575.png 1024w, https:\/\/graenaorkan.is\/wp-content\/uploads\/2020\/12\/Orkuklasinn-3-Dec-2020-356x200.png 356w, https:\/\/graenaorkan.is\/wp-content\/uploads\/2020\/12\/Orkuklasinn-3-Dec-2020-500x281.png 500w\" sizes=\"(max-width: 1280px) 100vw, 1280px\" \/><\/a><\/p>\n","protected":false},"excerpt":{"rendered":"<p>Orkuklasinn stendur fyrir vefvi\u00f0bur\u00f0i um reynslu \u00dej\u00f3\u00f0verja af vetnisn\u00fdtingu \u00ed samstarfi vi\u00f0 Sendir\u00e1\u00f0 \u00cdslands \u00ed Berl\u00edn. Vi\u00f0bur\u00f0urinn fer fram \u00e1 ensku \u00feann 3. desember n\u00e6stkomandi klukkan 9:00-10:15. Dagkr\u00e1in ver\u00f0ur eftirfarandi: Maria Erla Marelsdottir,\u00a0Icelandic Embassy, Berlin David Bothe,\u00a0Frontier Economics\u00a0&#8211; \u201cHydrogen and &hellip; <a href=\"https:\/\/graenaorkan.is\/?p=2085\">Continue reading <span class=\"meta-nav\">&rarr;<\/span><\/a><\/p>\n","protected":false},"author":5,"featured_media":0,"comment_status":"closed","ping_status":"closed","sticky":false,"template":"","format":"standard","meta":[],"categories":[5,11],"tags":[],"_links":{"self":[{"href":"https:\/\/graenaorkan.is\/index.php?rest_route=\/wp\/v2\/posts\/2085"}],"collection":[{"href":"https:\/\/graenaorkan.is\/index.php?rest_route=\/wp\/v2\/posts"}],"about":[{"href":"https:\/\/graenaorkan.is\/index.php?rest_route=\/wp\/v2\/types\/post"}],"author":[{"embeddable":true,"href":"https:\/\/graenaorkan.is\/index.php?rest_route=\/wp\/v2\/users\/5"}],"replies":[{"embeddable":true,"href":"https:\/\/graenaorkan.is\/index.php?rest_route=%2Fwp%2Fv2%2Fcomments&post=2085"}],"version-history":[{"count":2,"href":"https:\/\/graenaorkan.is\/index.php?rest_route=\/wp\/v2\/posts\/2085\/revisions"}],"predecessor-version":[{"id":2088,"href":"https:\/\/graenaorkan.is\/index.php?rest_route=\/wp\/v2\/posts\/2085\/revisions\/2088"}],"wp:attachment":[{"href":"https:\/\/graenaorkan.is\/index.php?rest_route=%2Fwp%2Fv2%2Fmedia&parent=2085"}],"wp:term":[{"taxonomy":"category","embeddable":true,"href":"https:\/\/graenaorkan.is\/index.php?rest_route=%2Fwp%2Fv2%2Fcategories&post=2085"},{"taxonomy":"post_tag","embeddable":true,"href":"https:\/\/graenaorkan.is\/index.php?rest_route=%2Fwp%2Fv2%2Ftags&post=2085"}],"curies":[{"name":"wp","href":"https:\/\/api.w.org\/{rel}","templated":true}]}}