{"id":2103,"date":"2021-02-02T11:03:35","date_gmt":"2021-02-02T11:03:35","guid":{"rendered":"http:\/\/graenaorkan.is\/?p=2103"},"modified":"2021-03-17T12:23:23","modified_gmt":"2021-03-17T12:23:23","slug":"5-februar-kynningarfundur-verkefnis-um-hledsluinnvidi-fyrir-rafbila","status":"publish","type":"post","link":"https:\/\/graenaorkan.is\/?p=2103","title":{"rendered":"5 febr\u00faar: Kynningarfundur verkefnis um hle\u00f0sluinnvi\u00f0i fyrir rafb\u00edla"},"content":{"rendered":"<p class=\"kvgmc6g5 cxmmr5t8 oygrvhab hcukyx3x c1et5uql\">\u00cd h\u00e1deginu f\u00f6studaginn 5. febr\u00faar munu \u00cdslensk N\u00fdOrka, EFLA verkfr\u00e6\u00f0istofa, Samt\u00f6k fer\u00f0a\u00fej\u00f3nustunnar og Orka n\u00e1tt\u00farunnar kynna ni\u00f0urst\u00f6\u00f0ur verkefnis s\u00edns um hle\u00f0sluinnvi\u00f0i fyrir rafb\u00edla \u00e1 veffundi \u00e1 vegum Gr\u00e6nu orkunnar og Orkustofnunar. Verkefni\u00f0 ber yfirskriftina \u00dearfa- og kostna\u00f0argreining vegna innlei\u00f0ingar rafb\u00edla \u00ed b\u00edlaleigub\u00edlaflota \u00cdslands og er unni\u00f0 fyrir Umhverfis- og au\u00f0lindar\u00e1\u00f0uneyti\u00f0.<\/p>\n<h4 class=\"o9v6fnle cxmmr5t8 oygrvhab hcukyx3x c1et5uql\">Dagskr\u00e1in ver\u00f0ur \u00e1 \u00feessa lei\u00f0:<\/h4>\n<h4 class=\"o9v6fnle cxmmr5t8 oygrvhab hcukyx3x c1et5uql\">12:05 Bakgrunnur verkefnis<br \/>\nJ\u00f3n Bj\u00f6rn Sk\u00falason, framkv\u00e6mdastj\u00f3ri \u00cdslenskrar N\u00fdOrku<\/h4>\n<h4 class=\"o9v6fnle cxmmr5t8 oygrvhab hcukyx3x c1et5uql\">12:10 \u00dearfa- og kostna\u00f0argreining fyrir hle\u00f0sluinnvi\u00f0i \u00e1 fer\u00f0amannast\u00f6\u00f0um og vi\u00f0 Keflav\u00edkurflugv\u00f6ll<br \/>\nHaukur Hilmarsson, hagfr\u00e6\u00f0ingur, EFLU verkfr\u00e6\u00f0istofu<\/h4>\n<h4 class=\"o9v6fnle cxmmr5t8 oygrvhab hcukyx3x c1et5uql\">12:40 Heildarni\u00f0urst\u00f6\u00f0ur verkefnis<br \/>\nAnna Margr\u00e9t Kornel\u00edusd\u00f3ttir, verkefnastj\u00f3ri, \u00cdslenskri N\u00fdOrku<\/h4>\n<h4 class=\"o9v6fnle cxmmr5t8 oygrvhab hcukyx3x c1et5uql\">12:55 Umr\u00e6\u00f0ur og spurningar<\/h4>\n<h4 class=\"o9v6fnle cxmmr5t8 oygrvhab hcukyx3x c1et5uql\">13:15 Fundi sliti\u00f0<\/h4>\n<h4>N\u00e1nar um vi\u00f0bur\u00f0inn \u00e1 <a href=\"https:\/\/www.facebook.com\/events\/2615775332046961\">Facebook<\/a>.<\/h4>\n<h4><\/h4>\n<h4><a href=\"https:\/\/zoom.us\/j\/95385195499?pwd=TlMzNzJVc0ExKzVOUGl3OWQzSkFXUT09\">H\u00e9r m\u00e1 fylgjast me\u00f0 fundinum \u00ed beinni \u00fatsendingu \u00e1 Zoom.<\/a><\/h4>\n","protected":false},"excerpt":{"rendered":"<p>\u00cd h\u00e1deginu f\u00f6studaginn 5. febr\u00faar munu \u00cdslensk N\u00fdOrka, EFLA verkfr\u00e6\u00f0istofa, Samt\u00f6k fer\u00f0a\u00fej\u00f3nustunnar og Orka n\u00e1tt\u00farunnar kynna ni\u00f0urst\u00f6\u00f0ur verkefnis s\u00edns um hle\u00f0sluinnvi\u00f0i fyrir rafb\u00edla \u00e1 veffundi \u00e1 vegum Gr\u00e6nu orkunnar og Orkustofnunar. Verkefni\u00f0 ber yfirskriftina \u00dearfa- og kostna\u00f0argreining vegna innlei\u00f0ingar rafb\u00edla &hellip; <a href=\"https:\/\/graenaorkan.is\/?p=2103\">Continue reading <span class=\"meta-nav\">&rarr;<\/span><\/a><\/p>\n","protected":false},"author":5,"featured_media":0,"comment_status":"closed","ping_status":"closed","sticky":false,"template":"","format":"standard","meta":[],"categories":[3,5,17,10,18],"tags":[],"_links":{"self":[{"href":"https:\/\/graenaorkan.is\/index.php?rest_route=\/wp\/v2\/posts\/2103"}],"collection":[{"href":"https:\/\/graenaorkan.is\/index.php?rest_route=\/wp\/v2\/posts"}],"about":[{"href":"https:\/\/graenaorkan.is\/index.php?rest_route=\/wp\/v2\/types\/post"}],"author":[{"embeddable":true,"href":"https:\/\/graenaorkan.is\/index.php?rest_route=\/wp\/v2\/users\/5"}],"replies":[{"embeddable":true,"href":"https:\/\/graenaorkan.is\/index.php?rest_route=%2Fwp%2Fv2%2Fcomments&post=2103"}],"version-history":[{"count":10,"href":"https:\/\/graenaorkan.is\/index.php?rest_route=\/wp\/v2\/posts\/2103\/revisions"}],"predecessor-version":[{"id":2141,"href":"https:\/\/graenaorkan.is\/index.php?rest_route=\/wp\/v2\/posts\/2103\/revisions\/2141"}],"wp:attachment":[{"href":"https:\/\/graenaorkan.is\/index.php?rest_route=%2Fwp%2Fv2%2Fmedia&parent=2103"}],"wp:term":[{"taxonomy":"category","embeddable":true,"href":"https:\/\/graenaorkan.is\/index.php?rest_route=%2Fwp%2Fv2%2Fcategories&post=2103"},{"taxonomy":"post_tag","embeddable":true,"href":"https:\/\/graenaorkan.is\/index.php?rest_route=%2Fwp%2Fv2%2Ftags&post=2103"}],"curies":[{"name":"wp","href":"https:\/\/api.w.org\/{rel}","templated":true}]}}