{"id":2163,"date":"2021-05-21T08:34:40","date_gmt":"2021-05-21T08:34:40","guid":{"rendered":"http:\/\/graenaorkan.is\/?p=2163"},"modified":"2021-05-21T08:35:36","modified_gmt":"2021-05-21T08:35:36","slug":"320-milljonir-til-orkuskipta","status":"publish","type":"post","link":"https:\/\/graenaorkan.is\/?p=2163","title":{"rendered":"320 millj\u00f3nir til orkuskipta \u00e1 \u00e1rinu 2021"},"content":{"rendered":"\n<p>\u00de\u00f3rd\u00eds Kolbr\u00fan Reykfj\u00f6r\u00f0 Gylfad\u00f3ttir, r\u00e1\u00f0herra fer\u00f0am\u00e1la-, i\u00f0na\u00f0ar- og n\u00fdsk\u00f6punar, og Gu\u00f0mundur Ingi, umhverfis- og au\u00f0lindar\u00e1\u00f0herra, hafa \u00e1kve\u00f0i\u00f0 a\u00f0 augl\u00fdstir ver\u00f0ir styrkir til orkuskipta a\u00f0 upph\u00e6\u00f0 320 millj\u00f3nir kr. af \u00feeim fj\u00e1rveitingum sem veittar eru til loftslagsm\u00e1la \u00ed \u00e1r.<br>Styrkirnir eru li\u00f0ur \u00ed a\u00f0ger\u00f0um stj\u00f3rnvalda \u00ed loftslagsm\u00e1lum og orkuskiptum og ver\u00f0a veittir \u00ed tveimur flokkum,<br>\ud83d\udca1 annars vegar til orkuskipta<br>\ud83d\udd0c og hins vegar til uppsetningu hle\u00f0slust\u00f6\u00f0va<br>Gr\u00e6na orkan fagnar \u00feessu framtaki mj\u00f6g &#8211; sj\u00e1 augl\u00fdsingu Orkusj\u00f3\u00f0s h\u00e9r fyrir ne\u00f0an og n\u00e1nar \u00ed <a rel=\"noreferrer noopener\" href=\"https:\/\/www.stjornarradid.is\/efst-a-baugi\/frettir\/stok-frett\/2021\/05\/20\/Haesti-styrkur-Orkusjods-um-arabil-320-milljonir-i-styrki-til-orkuskipta\/?fbclid=IwAR3QnUVoeysddYpRr_Dzgbw9eZYMPnlsdZ2rty6FJFLpA59u7lygpxUKH8k\" target=\"_blank\">me\u00f0fylgjandi hlekk<\/a>.<\/p>\n\n\n\n<div class=\"wp-block-image\"><figure class=\"aligncenter size-large\"><a href=\"https:\/\/graenaorkan.is\/wp-content\/uploads\/2021\/05\/image.png\"><img decoding=\"async\" loading=\"lazy\" width=\"571\" height=\"873\" src=\"https:\/\/graenaorkan.is\/wp-content\/uploads\/2021\/05\/image.png\" alt=\"\" class=\"wp-image-2164\" srcset=\"https:\/\/graenaorkan.is\/wp-content\/uploads\/2021\/05\/image.png 571w, https:\/\/graenaorkan.is\/wp-content\/uploads\/2021\/05\/image-196x300.png 196w, https:\/\/graenaorkan.is\/wp-content\/uploads\/2021\/05\/image-131x200.png 131w\" sizes=\"(max-width: 571px) 100vw, 571px\" \/><\/a><\/figure><\/div>\n","protected":false},"excerpt":{"rendered":"<p>\u00de\u00f3rd\u00eds Kolbr\u00fan Reykfj\u00f6r\u00f0 Gylfad\u00f3ttir, r\u00e1\u00f0herra fer\u00f0am\u00e1la-, i\u00f0na\u00f0ar- og n\u00fdsk\u00f6punar, og Gu\u00f0mundur Ingi, umhverfis- og au\u00f0lindar\u00e1\u00f0herra, hafa \u00e1kve\u00f0i\u00f0 a\u00f0 augl\u00fdstir ver\u00f0ir styrkir til orkuskipta a\u00f0 upph\u00e6\u00f0 320 millj\u00f3nir kr. af \u00feeim fj\u00e1rveitingum sem veittar eru til loftslagsm\u00e1la \u00ed \u00e1r.Styrkirnir eru li\u00f0ur &hellip; <a href=\"https:\/\/graenaorkan.is\/?p=2163\">Continue reading <span class=\"meta-nav\">&rarr;<\/span><\/a><\/p>\n","protected":false},"author":5,"featured_media":0,"comment_status":"closed","ping_status":"closed","sticky":false,"template":"","format":"standard","meta":[],"categories":[35,4,19,18,21],"tags":[],"_links":{"self":[{"href":"https:\/\/graenaorkan.is\/index.php?rest_route=\/wp\/v2\/posts\/2163"}],"collection":[{"href":"https:\/\/graenaorkan.is\/index.php?rest_route=\/wp\/v2\/posts"}],"about":[{"href":"https:\/\/graenaorkan.is\/index.php?rest_route=\/wp\/v2\/types\/post"}],"author":[{"embeddable":true,"href":"https:\/\/graenaorkan.is\/index.php?rest_route=\/wp\/v2\/users\/5"}],"replies":[{"embeddable":true,"href":"https:\/\/graenaorkan.is\/index.php?rest_route=%2Fwp%2Fv2%2Fcomments&post=2163"}],"version-history":[{"count":3,"href":"https:\/\/graenaorkan.is\/index.php?rest_route=\/wp\/v2\/posts\/2163\/revisions"}],"predecessor-version":[{"id":2167,"href":"https:\/\/graenaorkan.is\/index.php?rest_route=\/wp\/v2\/posts\/2163\/revisions\/2167"}],"wp:attachment":[{"href":"https:\/\/graenaorkan.is\/index.php?rest_route=%2Fwp%2Fv2%2Fmedia&parent=2163"}],"wp:term":[{"taxonomy":"category","embeddable":true,"href":"https:\/\/graenaorkan.is\/index.php?rest_route=%2Fwp%2Fv2%2Fcategories&post=2163"},{"taxonomy":"post_tag","embeddable":true,"href":"https:\/\/graenaorkan.is\/index.php?rest_route=%2Fwp%2Fv2%2Ftags&post=2163"}],"curies":[{"name":"wp","href":"https:\/\/api.w.org\/{rel}","templated":true}]}}