{"id":2173,"date":"2021-06-07T12:46:30","date_gmt":"2021-06-07T12:46:30","guid":{"rendered":"http:\/\/graenaorkan.is\/?p=2173"},"modified":"2021-06-09T14:38:53","modified_gmt":"2021-06-09T14:38:53","slug":"vefvidburdur-9-juni-rafvaeding-hafna-a-islandi","status":"publish","type":"post","link":"https:\/\/graenaorkan.is\/?p=2173","title":{"rendered":"Vefvi\u00f0bur\u00f0ur 9. j\u00fan\u00ed: Rafv\u00e6\u00f0ing hafna \u00e1 \u00cdslandi"},"content":{"rendered":"\n<div class=\"wp-block-image is-style-default\"><figure class=\"aligncenter is-resized\"><img decoding=\"async\" loading=\"lazy\" src=\"https:\/\/scontent.frkv2-1.fna.fbcdn.net\/v\/t1.6435-9\/191952753_3827893400672676_2472793090866164227_n.jpg?_nc_cat=103&amp;ccb=1-3&amp;_nc_sid=340051&amp;_nc_ohc=86yIXct17WwAX8Gn34R&amp;_nc_ht=scontent.frkv2-1.fna&amp;oh=6a6ce5aec581d449cf2c461cb90da474&amp;oe=60E491C0\" alt=\"May be an image of body of water\" width=\"501\" height=\"376\"\/><\/figure><\/div>\n\n\n\n<p>Gr\u00e6na orkan, Verk\u00eds og Orkustofnun st\u00f3\u00f0u fyrir vefvi\u00f0bur\u00f0i \u00e1 Zoom \u00ed h\u00e1deginu 9. j\u00fan\u00ed. \u00dear fjalla\u00f0i Kjartan J\u00f3nsson, rafmagns- og rekstrari\u00f0nfr\u00e6\u00f0ingur hj\u00e1 Verk\u00eds um verkefni sem n\u00fdlega var unni\u00f0 fyrir Atvinnuvega- og n\u00fdsk\u00f6punarr\u00e1\u00f0uneyti\u00f0 um st\u00f6\u00f0u rafv\u00e6\u00f0ingar hafna \u00e1 \u00cdslandi.<\/p>\n\n\n\n<p>Tilgangur verkefnisins var me\u00f0al annars a\u00f0 skapa g\u00f3\u00f0a yfirs\u00fdn yfir n\u00faverandi st\u00f6\u00f0u og framt\u00ed\u00f0arhorfur var\u00f0andi rafv\u00e6\u00f0ingu hafna, me\u00f0 \u00fea\u00f0 a\u00f0 markmi\u00f0i a\u00f0 sty\u00f0ja vi\u00f0 \u00fer\u00f3un \u00e1 notkun umhverfisv\u00e6nni orkugjafa fyrir skip sem liggja vi\u00f0 bryggju. Sk\u00fdrslan hefur veri\u00f0 birt \u00e1 <a href=\"https:\/\/www.stjornarradid.is\/efst-a-baugi\/frettir\/stok-frett\/2021\/06\/09\/Vefvidburdur-i-dag-Rafvaeding-hafna-og-notkun-a-umhverfisvaenni-orkugjofum-fyrir-skip\/\" target=\"_blank\" rel=\"noreferrer noopener\">vefs\u00ed\u00f0u Atvinnuvega- og n\u00fdsk\u00f6punarr\u00e1\u00f0uneytisins<\/a>.<\/p>\n\n\n\n<p>Fundarstj\u00f3ri var Anna Margr\u00e9t Kornel\u00edusd\u00f3ttir, verkefnastj\u00f3ri hj\u00e1 Gr\u00e6nu orkunni.<\/p>\n\n\n\n<p>Sj\u00e1 n\u00e1nar \u00e1 <a rel=\"noreferrer noopener\" href=\"https:\/\/www.facebook.com\/events\/282169806990428?acontext=%7B%22event_action_history%22%3A[%7B%22surface%22%3A%22page%22%7D]%7D\" target=\"_blank\">facebook s\u00ed\u00f0u vi\u00f0bur\u00f0ar<\/a> en fylgjast m\u00e1 me\u00f0 <a rel=\"noreferrer noopener\" href=\"https:\/\/zoom.us\/j\/95206326566\" target=\"_blank\">\u00ed beinni \u00fatsendingu h\u00e9r<\/a>.<\/p>\n\n\n\n<p>Gl\u00e6rur Kjartans m\u00e1 n\u00e1lgast h\u00e9r:<\/p>\n\n\n\n<div class=\"wp-block-file\"><a href=\"https:\/\/graenaorkan.is\/wp-content\/uploads\/2021\/06\/Raefvaeding-hafna-a-Islandi-ID-214227.pdf\">Raefvaeding-hafna-a-Islandi-ID-214227<\/a><a href=\"https:\/\/graenaorkan.is\/wp-content\/uploads\/2021\/06\/Raefvaeding-hafna-a-Islandi-ID-214227.pdf\" class=\"wp-block-file__button\" download>Download<\/a><\/div>\n","protected":false},"excerpt":{"rendered":"<p>Gr\u00e6na orkan, Verk\u00eds og Orkustofnun st\u00f3\u00f0u fyrir vefvi\u00f0bur\u00f0i \u00e1 Zoom \u00ed h\u00e1deginu 9. j\u00fan\u00ed. \u00dear fjalla\u00f0i Kjartan J\u00f3nsson, rafmagns- og rekstrari\u00f0nfr\u00e6\u00f0ingur hj\u00e1 Verk\u00eds um verkefni sem n\u00fdlega var unni\u00f0 fyrir Atvinnuvega- og n\u00fdsk\u00f6punarr\u00e1\u00f0uneyti\u00f0 um st\u00f6\u00f0u rafv\u00e6\u00f0ingar hafna \u00e1 \u00cdslandi. Tilgangur &hellip; <a href=\"https:\/\/graenaorkan.is\/?p=2173\">Continue reading <span class=\"meta-nav\">&rarr;<\/span><\/a><\/p>\n","protected":false},"author":5,"featured_media":0,"comment_status":"closed","ping_status":"closed","sticky":false,"template":"","format":"standard","meta":[],"categories":[23,5,17,18,21],"tags":[],"_links":{"self":[{"href":"https:\/\/graenaorkan.is\/index.php?rest_route=\/wp\/v2\/posts\/2173"}],"collection":[{"href":"https:\/\/graenaorkan.is\/index.php?rest_route=\/wp\/v2\/posts"}],"about":[{"href":"https:\/\/graenaorkan.is\/index.php?rest_route=\/wp\/v2\/types\/post"}],"author":[{"embeddable":true,"href":"https:\/\/graenaorkan.is\/index.php?rest_route=\/wp\/v2\/users\/5"}],"replies":[{"embeddable":true,"href":"https:\/\/graenaorkan.is\/index.php?rest_route=%2Fwp%2Fv2%2Fcomments&post=2173"}],"version-history":[{"count":4,"href":"https:\/\/graenaorkan.is\/index.php?rest_route=\/wp\/v2\/posts\/2173\/revisions"}],"predecessor-version":[{"id":2180,"href":"https:\/\/graenaorkan.is\/index.php?rest_route=\/wp\/v2\/posts\/2173\/revisions\/2180"}],"wp:attachment":[{"href":"https:\/\/graenaorkan.is\/index.php?rest_route=%2Fwp%2Fv2%2Fmedia&parent=2173"}],"wp:term":[{"taxonomy":"category","embeddable":true,"href":"https:\/\/graenaorkan.is\/index.php?rest_route=%2Fwp%2Fv2%2Fcategories&post=2173"},{"taxonomy":"post_tag","embeddable":true,"href":"https:\/\/graenaorkan.is\/index.php?rest_route=%2Fwp%2Fv2%2Ftags&post=2173"}],"curies":[{"name":"wp","href":"https:\/\/api.w.org\/{rel}","templated":true}]}}