{"id":2182,"date":"2021-06-18T09:53:48","date_gmt":"2021-06-18T09:53:48","guid":{"rendered":"http:\/\/graenaorkan.is\/?p=2182"},"modified":"2021-06-25T09:17:26","modified_gmt":"2021-06-25T09:17:26","slug":"vefvidburdur-23-juni-framleidsla-rafeldsneytis-a-islandi","status":"publish","type":"post","link":"https:\/\/graenaorkan.is\/?p=2182","title":{"rendered":"Vefvi\u00f0bur\u00f0ur 23. jun\u00ed: Framlei\u00f0sla rafeldsneytis \u00e1 \u00cdslandi"},"content":{"rendered":"\n<p>L\u00edkt og a\u00f0rar \u00fej\u00f3\u00f0ir Evr\u00f3pu hefur \u00cdsland skuldbundi\u00f0 sig til a\u00f0 takast \u00e1 vi\u00f0 loftslagsvandann og sett s\u00e9r m\u00e6lanleg markmi\u00f0 til a\u00f0 uppfylla skuldbindingar Par\u00edsarsamkomulagsins fyrir 2030 og kolefnishlutleysi \u00cdslands fyrir 2040.<\/p>\n\n\n\n<p>Notkun jar\u00f0efnaeldsneytis \u00ed samg\u00f6ngum veldur um helming af CO2 losun sem er \u00e1 beinni \u00e1byrg\u00f0 \u00cdslands. \u00dev\u00ed er mikilv\u00e6gt a\u00f0 meta \u00fe\u00e1 kosti sem vi\u00f0 h\u00f6fum og \u00fe\u00e6r fj\u00e1rfestingar sem \u00fearf til a\u00f0 skipta \u00fat jar\u00f0efnaeldsneyti fyrir a\u00f0ra orkugjafa \u00ed samg\u00f6ngum \u00e1 landi, \u00e1 sj\u00f3 og \u00ed lofti.<\/p>\n\n\n\n<p>Hluti af \u00feeirri lausn er a\u00f0 nota beint endurn\u00fdjanlegt rafmagn til a\u00f0 kn\u00fdja samg\u00f6ngut\u00e6ki, en \u00ed sumum tilvikum er \u00fea\u00f0 ekki raunh\u00e6fur m\u00f6guleiki.Icefuel (Icelandic Electrical Fuel) hefur fyrir h\u00f6nd \u00der\u00f3unarf\u00e9lags Grundartanga, greint valkosti var\u00f0andi m\u00f6gulegt framt\u00ed\u00f0areldsneyti og gefi\u00f0 \u00fat sk\u00fdrslu me\u00f0 helstu ni\u00f0urst\u00f6\u00f0um.<\/p>\n\n\n\n<p>Sk\u00fdrsla \u00feessi snertir \u00e1 f\u00fdsileika \u00feess a\u00f0 framlei\u00f0a rafeldsneyta \u00e1 \u00cdslandi auk \u00feess a\u00f0 sk\u00fdra af hverju rafeldsneyti er hluti af \u00fev\u00ed a\u00f0 n\u00e1 loftslagsmarkmi\u00f0um.<\/p>\n\n\n\n<p>Bjarni M\u00e1r J\u00fal\u00edusson framkv\u00e6mdastj\u00f3ri Icefuel mun kynna helstu ni\u00f0urst\u00f6\u00f0ur sk\u00fdrslunnar \u00e1 vefvi\u00f0bur\u00f0i Gr\u00e6nu orkunnar \u00ed h\u00e1deginu 23. j\u00fan\u00ed. <a href=\"https:\/\/zoom.us\/j\/96588898635\">Fylgjast m\u00e1 me\u00f0 \u00ed beinni \u00fatsendingu \u00e1 Zoom.<\/a><\/p>\n\n\n\n<div class=\"wp-block-file\"><a href=\"https:\/\/graenaorkan.is\/wp-content\/uploads\/2021\/06\/Fysileiki-rafeldsneytisframleidslu-kynning-Graena-orkan-Jun-2021.pdf\">Gl\u00e6rur fr\u00e1 fyrirlestri Bjarna M\u00e1s:<\/a><a href=\"https:\/\/graenaorkan.is\/wp-content\/uploads\/2021\/06\/Fysileiki-rafeldsneytisframleidslu-kynning-Graena-orkan-Jun-2021.pdf\" class=\"wp-block-file__button\" download>Download<\/a><\/div>\n\n\n\n<p>Sk\u00fdrsluna m\u00e1 finna \u00e1 <a href=\"https:\/\/www.stjornarradid.is\/efst-a-baugi\/frettir\/stok-frett\/2021\/06\/23\/Skyrsla-um-fysileika-thess-ad-framleida-rafeldsneyti-a-Islandi\/\" target=\"_blank\" rel=\"noreferrer noopener\">vefs\u00ed\u00f0u Atvinnuvega- og n\u00fdsk\u00f6punarr\u00e1\u00f0uneytis<\/a>.<\/p>\n\n\n\n<p><a rel=\"noreferrer noopener\" href=\"https:\/\/www.facebook.com\/events\/906945949853426?ref=newsfeed\" target=\"_blank\">Sj\u00e1 n\u00e1nar \u00e1 Facebook<\/a>. <\/p>\n","protected":false},"excerpt":{"rendered":"<p>L\u00edkt og a\u00f0rar \u00fej\u00f3\u00f0ir Evr\u00f3pu hefur \u00cdsland skuldbundi\u00f0 sig til a\u00f0 takast \u00e1 vi\u00f0 loftslagsvandann og sett s\u00e9r m\u00e6lanleg markmi\u00f0 til a\u00f0 uppfylla skuldbindingar Par\u00edsarsamkomulagsins fyrir 2030 og kolefnishlutleysi \u00cdslands fyrir 2040. Notkun jar\u00f0efnaeldsneytis \u00ed samg\u00f6ngum veldur um helming af &hellip; <a href=\"https:\/\/graenaorkan.is\/?p=2182\">Continue reading <span class=\"meta-nav\">&rarr;<\/span><\/a><\/p>\n","protected":false},"author":5,"featured_media":0,"comment_status":"closed","ping_status":"closed","sticky":false,"template":"","format":"standard","meta":[],"categories":[1],"tags":[],"_links":{"self":[{"href":"https:\/\/graenaorkan.is\/index.php?rest_route=\/wp\/v2\/posts\/2182"}],"collection":[{"href":"https:\/\/graenaorkan.is\/index.php?rest_route=\/wp\/v2\/posts"}],"about":[{"href":"https:\/\/graenaorkan.is\/index.php?rest_route=\/wp\/v2\/types\/post"}],"author":[{"embeddable":true,"href":"https:\/\/graenaorkan.is\/index.php?rest_route=\/wp\/v2\/users\/5"}],"replies":[{"embeddable":true,"href":"https:\/\/graenaorkan.is\/index.php?rest_route=%2Fwp%2Fv2%2Fcomments&post=2182"}],"version-history":[{"count":5,"href":"https:\/\/graenaorkan.is\/index.php?rest_route=\/wp\/v2\/posts\/2182\/revisions"}],"predecessor-version":[{"id":2189,"href":"https:\/\/graenaorkan.is\/index.php?rest_route=\/wp\/v2\/posts\/2182\/revisions\/2189"}],"wp:attachment":[{"href":"https:\/\/graenaorkan.is\/index.php?rest_route=%2Fwp%2Fv2%2Fmedia&parent=2182"}],"wp:term":[{"taxonomy":"category","embeddable":true,"href":"https:\/\/graenaorkan.is\/index.php?rest_route=%2Fwp%2Fv2%2Fcategories&post=2182"},{"taxonomy":"post_tag","embeddable":true,"href":"https:\/\/graenaorkan.is\/index.php?rest_route=%2Fwp%2Fv2%2Ftags&post=2182"}],"curies":[{"name":"wp","href":"https:\/\/api.w.org\/{rel}","templated":true}]}}