{"id":2191,"date":"2021-08-10T14:52:45","date_gmt":"2021-08-10T14:52:45","guid":{"rendered":"http:\/\/graenaorkan.is\/?p=2191"},"modified":"2021-08-10T14:52:46","modified_gmt":"2021-08-10T14:52:46","slug":"parisarborg-bydur-ivilnanir-vegna-kaupa-a-nyorkubilum","status":"publish","type":"post","link":"https:\/\/graenaorkan.is\/?p=2191","title":{"rendered":"Par\u00edsarborg b\u00fd\u00f0ur \u00edvilnanir vegna kaupa \u00e1 n\u00fdorkub\u00edlum"},"content":{"rendered":"\n<div class=\"wp-block-image\"><figure class=\"aligncenter size-large\"><a href=\"https:\/\/graenaorkan.is\/wp-content\/uploads\/2021\/08\/image.jpeg\"><img decoding=\"async\" loading=\"lazy\" width=\"320\" height=\"158\" src=\"https:\/\/graenaorkan.is\/wp-content\/uploads\/2021\/08\/image.jpeg\" alt=\"Paris to only allow electric cars as soon as 2030 ahead of France's 2040  goal - Electrek\" class=\"wp-image-2192\" srcset=\"https:\/\/graenaorkan.is\/wp-content\/uploads\/2021\/08\/image.jpeg 320w, https:\/\/graenaorkan.is\/wp-content\/uploads\/2021\/08\/image-300x148.jpeg 300w\" sizes=\"(max-width: 320px) 100vw, 320px\" \/><\/a><\/figure><\/div>\n\n\n\n<p>Borgarstj\u00f3rn Par\u00edsar-sv\u00e6\u00f0is hefur \u00e1kve\u00f0i\u00f0 a\u00f0 grei\u00f0a hverjum \u00feeim sem fj\u00e1rfestir \u00ed vistv\u00e6num b\u00edl (rafb\u00edla, tengiltvinn, metanb\u00edl e\u00f0a vetnisb\u00edl) allt a\u00f0 EUR 6.000 (um \u00fea\u00f0 bil ISK 900.000) ef hann kemur \u00ed sta\u00f0 b\u00edls sem gengur fyrir jar\u00f0efnaeldsneyti. \u00cdvilnunin ver\u00f0ur fyrst um sinn \u00ed gildi til 1. jan\u00faar 2023 og getur hver og einn Par\u00edsarb\u00fai noti\u00f0 hennar einu sinni. \u00dear a\u00f0 auki geta kaupendur noti\u00f0 r\u00edkis\u00edvilnunar \u00ed formi endurgrei\u00f0slu fastrar upph\u00e6\u00f0ar fyrir b\u00edla \u00e1 ver\u00f0bilinu EUR 45.000-60.000.<\/p>\n\n\n\n<p>Sj\u00e1 n\u00e1nar \u00ed fr\u00e9tt <a href=\"https:\/\/www.electrive.com\/2021\/08\/05\/paris-region-introduces-ev-subsidies\/\" target=\"_blank\" rel=\"noreferrer noopener\">Electrive.com<\/a><\/p>\n","protected":false},"excerpt":{"rendered":"<p>Borgarstj\u00f3rn Par\u00edsar-sv\u00e6\u00f0is hefur \u00e1kve\u00f0i\u00f0 a\u00f0 grei\u00f0a hverjum \u00feeim sem fj\u00e1rfestir \u00ed vistv\u00e6num b\u00edl (rafb\u00edla, tengiltvinn, metanb\u00edl e\u00f0a vetnisb\u00edl) allt a\u00f0 EUR 6.000 (um \u00fea\u00f0 bil ISK 900.000) ef hann kemur \u00ed sta\u00f0 b\u00edls sem gengur fyrir jar\u00f0efnaeldsneyti. \u00cdvilnunin ver\u00f0ur fyrst &hellip; <a href=\"https:\/\/graenaorkan.is\/?p=2191\">Continue reading <span class=\"meta-nav\">&rarr;<\/span><\/a><\/p>\n","protected":false},"author":5,"featured_media":0,"comment_status":"closed","ping_status":"closed","sticky":false,"template":"","format":"standard","meta":[],"categories":[3,20,4,18],"tags":[],"_links":{"self":[{"href":"https:\/\/graenaorkan.is\/index.php?rest_route=\/wp\/v2\/posts\/2191"}],"collection":[{"href":"https:\/\/graenaorkan.is\/index.php?rest_route=\/wp\/v2\/posts"}],"about":[{"href":"https:\/\/graenaorkan.is\/index.php?rest_route=\/wp\/v2\/types\/post"}],"author":[{"embeddable":true,"href":"https:\/\/graenaorkan.is\/index.php?rest_route=\/wp\/v2\/users\/5"}],"replies":[{"embeddable":true,"href":"https:\/\/graenaorkan.is\/index.php?rest_route=%2Fwp%2Fv2%2Fcomments&post=2191"}],"version-history":[{"count":1,"href":"https:\/\/graenaorkan.is\/index.php?rest_route=\/wp\/v2\/posts\/2191\/revisions"}],"predecessor-version":[{"id":2193,"href":"https:\/\/graenaorkan.is\/index.php?rest_route=\/wp\/v2\/posts\/2191\/revisions\/2193"}],"wp:attachment":[{"href":"https:\/\/graenaorkan.is\/index.php?rest_route=%2Fwp%2Fv2%2Fmedia&parent=2191"}],"wp:term":[{"taxonomy":"category","embeddable":true,"href":"https:\/\/graenaorkan.is\/index.php?rest_route=%2Fwp%2Fv2%2Fcategories&post=2191"},{"taxonomy":"post_tag","embeddable":true,"href":"https:\/\/graenaorkan.is\/index.php?rest_route=%2Fwp%2Fv2%2Ftags&post=2191"}],"curies":[{"name":"wp","href":"https:\/\/api.w.org\/{rel}","templated":true}]}}