{"id":2195,"date":"2021-08-25T08:58:57","date_gmt":"2021-08-25T08:58:57","guid":{"rendered":"http:\/\/graenaorkan.is\/?p=2195"},"modified":"2021-08-25T08:58:58","modified_gmt":"2021-08-25T08:58:58","slug":"beint-streymi-samorku-tolum-saman-um-graena-framtid","status":"publish","type":"post","link":"https:\/\/graenaorkan.is\/?p=2195","title":{"rendered":"Beint streymi Samorku: T\u00f6lum saman um gr\u00e6na framt\u00ed\u00f0"},"content":{"rendered":"\n<p>Samorka b\u00fd\u00f0ur til opins streymisfundar mi\u00f0vikudaginn 25. \u00e1g\u00fast kl. 10. \u00dear mun P\u00e1ll Erland, framkv\u00e6mdastj\u00f3ri Samorku fjalla um helstu t\u00e6kif\u00e6ri og vi\u00f0fangsefni sem blasa vi\u00f0 var\u00f0andi gr\u00e6nar lausnir og al\u00fej\u00f3\u00f0legar skuldbindingar \u00ed loftslagm\u00e1lum \u00ed a\u00f0draganda al\u00feingiskosninga.<\/p>\n\n\n\n<figure class=\"wp-block-embed is-type-video is-provider-vimeo wp-block-embed-vimeo wp-embed-aspect-16-9 wp-has-aspect-ratio\"><div class=\"wp-block-embed__wrapper\">\n<iframe loading=\"lazy\" title=\"T&amp;ouml;lum saman um gr&amp;aelig;na framt&amp;iacute;&amp;eth;\" src=\"https:\/\/player.vimeo.com\/video\/591510561?dnt=1&amp;app_id=122963&amp;h=fd03433aed\" width=\"584\" height=\"329\" frameborder=\"0\" allow=\"autoplay; fullscreen; picture-in-picture\" allowfullscreen><\/iframe>\n<\/div><\/figure>\n","protected":false},"excerpt":{"rendered":"<p>Samorka b\u00fd\u00f0ur til opins streymisfundar mi\u00f0vikudaginn 25. \u00e1g\u00fast kl. 10. \u00dear mun P\u00e1ll Erland, framkv\u00e6mdastj\u00f3ri Samorku fjalla um helstu t\u00e6kif\u00e6ri og vi\u00f0fangsefni sem blasa vi\u00f0 var\u00f0andi gr\u00e6nar lausnir og al\u00fej\u00f3\u00f0legar skuldbindingar \u00ed loftslagm\u00e1lum \u00ed a\u00f0draganda al\u00feingiskosninga.<\/p>\n","protected":false},"author":5,"featured_media":0,"comment_status":"closed","ping_status":"closed","sticky":false,"template":"","format":"standard","meta":[],"categories":[5,24,4],"tags":[],"_links":{"self":[{"href":"https:\/\/graenaorkan.is\/index.php?rest_route=\/wp\/v2\/posts\/2195"}],"collection":[{"href":"https:\/\/graenaorkan.is\/index.php?rest_route=\/wp\/v2\/posts"}],"about":[{"href":"https:\/\/graenaorkan.is\/index.php?rest_route=\/wp\/v2\/types\/post"}],"author":[{"embeddable":true,"href":"https:\/\/graenaorkan.is\/index.php?rest_route=\/wp\/v2\/users\/5"}],"replies":[{"embeddable":true,"href":"https:\/\/graenaorkan.is\/index.php?rest_route=%2Fwp%2Fv2%2Fcomments&post=2195"}],"version-history":[{"count":3,"href":"https:\/\/graenaorkan.is\/index.php?rest_route=\/wp\/v2\/posts\/2195\/revisions"}],"predecessor-version":[{"id":2198,"href":"https:\/\/graenaorkan.is\/index.php?rest_route=\/wp\/v2\/posts\/2195\/revisions\/2198"}],"wp:attachment":[{"href":"https:\/\/graenaorkan.is\/index.php?rest_route=%2Fwp%2Fv2%2Fmedia&parent=2195"}],"wp:term":[{"taxonomy":"category","embeddable":true,"href":"https:\/\/graenaorkan.is\/index.php?rest_route=%2Fwp%2Fv2%2Fcategories&post=2195"},{"taxonomy":"post_tag","embeddable":true,"href":"https:\/\/graenaorkan.is\/index.php?rest_route=%2Fwp%2Fv2%2Ftags&post=2195"}],"curies":[{"name":"wp","href":"https:\/\/api.w.org\/{rel}","templated":true}]}}