{"id":2213,"date":"2021-11-08T09:17:23","date_gmt":"2021-11-08T09:17:23","guid":{"rendered":"http:\/\/graenaorkan.is\/?p=2213"},"modified":"2021-11-08T09:17:25","modified_gmt":"2021-11-08T09:17:25","slug":"vidburdur-11-november-stada-hledsluinnvida-fyrir-rafbila-og-notkun-theirra-a-islandi","status":"publish","type":"post","link":"https:\/\/graenaorkan.is\/?p=2213","title":{"rendered":"Vi\u00f0bur\u00f0ur 11. n\u00f3vember: Sta\u00f0a hle\u00f0sluinnvi\u00f0a fyrir rafb\u00edla og notkun \u00feeirra \u00e1 \u00cdslandi"},"content":{"rendered":"\n<p>Atvinnuvega- og n\u00fdsk\u00f6punarr\u00e1\u00f0uneyti\u00f0 f\u00f3l \u00cdslenskri N\u00fdorku a\u00f0 gera \u00f3formlega netk\u00f6nnun \u00e1 st\u00f6\u00f0u hle\u00f0slust\u00f6\u00f0va fyrir rafb\u00edla og notkun \u00feeirra \u00e1 me\u00f0al rafb\u00edlaeigenda \u00ed sumar. Verkefni\u00f0 er unni\u00f0 fyrir starfsh\u00f3p r\u00e1\u00f0uneyta um orkuskipti og f\u00f3r k\u00f6nnunin fram \u00ed j\u00fal\u00ed og \u00e1g\u00fast 2021.<\/p>\n\n\n\n<p>Tilgangur k\u00f6nnunarinnar var a\u00f0 athuga hvar \u00ed hle\u00f0slukerfi landsins eru fl\u00f6skuh\u00e1lsar, ef einhverjir. K\u00f6nnunin \u00e1tti a\u00f0 gefa v\u00edsbendingar um hvar mest v\u00e6ri hla\u00f0i\u00f0 og hvort nau\u00f0synlegt s\u00e9 a\u00f0 veita frekara fj\u00e1rmagni til uppbyggingar innvi\u00f0a fyrir rafb\u00edla um landi\u00f0 allt.<\/p>\n\n\n\n<p>\u00c1 \u00feessum vi\u00f0bur\u00f0i mun Anna Margr\u00e9t Kornel\u00edusd\u00f3ttir, verkefnastj\u00f3ri hj\u00e1 \u00cdslenskri N\u00fdorku, kynna helstu ni\u00f0urst\u00f6\u00f0ur k\u00f6nnunarinnar. Hann fer fram \u00e1 <a rel=\"noreferrer noopener\" href=\"https:\/\/zoom.us\/j\/97615316247?pwd=SHdqaExYcHo2V05ISGNGNng1aGQyQT09\" target=\"_blank\">Zoom<\/a> klukkan 13, fimmtudaginn 8. n\u00f3vember og er \u00f6llum opinn.  Lykilor\u00f0 til a\u00f0 komast inn \u00e1 fundinn er 7913.<\/p>\n","protected":false},"excerpt":{"rendered":"<p>Atvinnuvega- og n\u00fdsk\u00f6punarr\u00e1\u00f0uneyti\u00f0 f\u00f3l \u00cdslenskri N\u00fdorku a\u00f0 gera \u00f3formlega netk\u00f6nnun \u00e1 st\u00f6\u00f0u hle\u00f0slust\u00f6\u00f0va fyrir rafb\u00edla og notkun \u00feeirra \u00e1 me\u00f0al rafb\u00edlaeigenda \u00ed sumar. Verkefni\u00f0 er unni\u00f0 fyrir starfsh\u00f3p r\u00e1\u00f0uneyta um orkuskipti og f\u00f3r k\u00f6nnunin fram \u00ed j\u00fal\u00ed og \u00e1g\u00fast 2021. &hellip; <a href=\"https:\/\/graenaorkan.is\/?p=2213\">Continue reading <span class=\"meta-nav\">&rarr;<\/span><\/a><\/p>\n","protected":false},"author":5,"featured_media":2214,"comment_status":"closed","ping_status":"closed","sticky":false,"template":"","format":"standard","meta":[],"categories":[3,5,10,18],"tags":[],"_links":{"self":[{"href":"https:\/\/graenaorkan.is\/index.php?rest_route=\/wp\/v2\/posts\/2213"}],"collection":[{"href":"https:\/\/graenaorkan.is\/index.php?rest_route=\/wp\/v2\/posts"}],"about":[{"href":"https:\/\/graenaorkan.is\/index.php?rest_route=\/wp\/v2\/types\/post"}],"author":[{"embeddable":true,"href":"https:\/\/graenaorkan.is\/index.php?rest_route=\/wp\/v2\/users\/5"}],"replies":[{"embeddable":true,"href":"https:\/\/graenaorkan.is\/index.php?rest_route=%2Fwp%2Fv2%2Fcomments&post=2213"}],"version-history":[{"count":1,"href":"https:\/\/graenaorkan.is\/index.php?rest_route=\/wp\/v2\/posts\/2213\/revisions"}],"predecessor-version":[{"id":2215,"href":"https:\/\/graenaorkan.is\/index.php?rest_route=\/wp\/v2\/posts\/2213\/revisions\/2215"}],"wp:featuredmedia":[{"embeddable":true,"href":"https:\/\/graenaorkan.is\/index.php?rest_route=\/wp\/v2\/media\/2214"}],"wp:attachment":[{"href":"https:\/\/graenaorkan.is\/index.php?rest_route=%2Fwp%2Fv2%2Fmedia&parent=2213"}],"wp:term":[{"taxonomy":"category","embeddable":true,"href":"https:\/\/graenaorkan.is\/index.php?rest_route=%2Fwp%2Fv2%2Fcategories&post=2213"},{"taxonomy":"post_tag","embeddable":true,"href":"https:\/\/graenaorkan.is\/index.php?rest_route=%2Fwp%2Fv2%2Ftags&post=2213"}],"curies":[{"name":"wp","href":"https:\/\/api.w.org\/{rel}","templated":true}]}}