{"id":2217,"date":"2021-12-02T11:28:33","date_gmt":"2021-12-02T11:28:33","guid":{"rendered":"http:\/\/graenaorkan.is\/?p=2217"},"modified":"2021-12-02T11:28:34","modified_gmt":"2021-12-02T11:28:34","slug":"umsoknarfrestur-i-loftslagssjod-9-desember","status":"publish","type":"post","link":"https:\/\/graenaorkan.is\/?p=2217","title":{"rendered":"Ums\u00f3knarfrestur \u00ed Loftslagssj\u00f3\u00f0 9. desember!"},"content":{"rendered":"\n<div class=\"wp-block-image\"><figure class=\"aligncenter size-full\"><a href=\"https:\/\/graenaorkan.is\/wp-content\/uploads\/2021\/12\/climate-change-backgrounder.jpg\"><img decoding=\"async\" loading=\"lazy\" width=\"650\" height=\"340\" src=\"https:\/\/graenaorkan.is\/wp-content\/uploads\/2021\/12\/climate-change-backgrounder.jpg\" alt=\"\" class=\"wp-image-2218\" srcset=\"https:\/\/graenaorkan.is\/wp-content\/uploads\/2021\/12\/climate-change-backgrounder.jpg 650w, https:\/\/graenaorkan.is\/wp-content\/uploads\/2021\/12\/climate-change-backgrounder-300x157.jpg 300w, https:\/\/graenaorkan.is\/wp-content\/uploads\/2021\/12\/climate-change-backgrounder-382x200.jpg 382w, https:\/\/graenaorkan.is\/wp-content\/uploads\/2021\/12\/climate-change-backgrounder-500x262.jpg 500w\" sizes=\"(max-width: 650px) 100vw, 650px\" \/><\/a><\/figure><\/div>\n\n\n\n<p>Opi\u00f0 er fyrir ums\u00f3knir \u00ed Loftslagssj\u00f3\u00f0 til <em>9. desember n\u00e6stkomandi klukkan 15<\/em>.<\/p>\n\n\n\n<p>Hlutverk sj\u00f3\u00f0sins er a\u00f0 sty\u00f0ja vi\u00f0 n\u00fdsk\u00f6punarverkefni \u00e1 svi\u00f0i loftslagsm\u00e1la og verkefni sem l\u00fata a\u00f0 kynningu og fr\u00e6\u00f0slu um \u00e1hrif loftslagsbreytinga. Sj\u00f3\u00f0urinn styrkir n\u00fdsk\u00f6punarverkefni og fr\u00e6\u00f0slu- og kynningarverkefni sem stu\u00f0la a\u00f0 samdr\u00e6tti \u00ed losun e\u00f0a hafa \u00e1hrif \u00e1 samdr\u00e1tt \u00ed losun. <\/p>\n\n\n\n<h3 class=\"has-text-align-left wp-block-heading\"><strong>A\u00f0 \u00feessu sinni er bo\u00f0i\u00f0 er upp \u00e1 tv\u00e6r tegundir styrkja til eins \u00e1rs:<\/strong><\/h3>\n\n\n\n<ul><li>Styrki til n\u00fdsk\u00f6punarverkefna sem m.a. er \u00e6tla\u00f0 a\u00f0 styrkja ranns\u00f3knir og \u00fer\u00f3unarstarf \u00ed tengslum vi\u00f0 a\u00f0l\u00f6gun og innlei\u00f0ingu \u00e1 n\u00fdjum loftslagsv\u00e6num t\u00e6knilausnum og h\u00f6nnun<\/li><li>Styrki til kynningar og fr\u00e6\u00f0slu um loftslagsm\u00e1l<\/li><\/ul>\n\n\n\n<p>Sj\u00e1 n\u00e1nar \u00e1 <a href=\"https:\/\/www.rannis.is\/frettir\/auglyst-er-eftir-umsoknum-um-styrki-ur-loftslagssjodi\" target=\"_blank\" rel=\"noreferrer noopener\">vef Rann\u00eds<\/a>.<\/p>\n","protected":false},"excerpt":{"rendered":"<p>Opi\u00f0 er fyrir ums\u00f3knir \u00ed Loftslagssj\u00f3\u00f0 til 9. desember n\u00e6stkomandi klukkan 15. Hlutverk sj\u00f3\u00f0sins er a\u00f0 sty\u00f0ja vi\u00f0 n\u00fdsk\u00f6punarverkefni \u00e1 svi\u00f0i loftslagsm\u00e1la og verkefni sem l\u00fata a\u00f0 kynningu og fr\u00e6\u00f0slu um \u00e1hrif loftslagsbreytinga. Sj\u00f3\u00f0urinn styrkir n\u00fdsk\u00f6punarverkefni og fr\u00e6\u00f0slu- og kynningarverkefni &hellip; <a href=\"https:\/\/graenaorkan.is\/?p=2217\">Continue reading <span class=\"meta-nav\">&rarr;<\/span><\/a><\/p>\n","protected":false},"author":5,"featured_media":2218,"comment_status":"closed","ping_status":"closed","sticky":false,"template":"","format":"standard","meta":[],"categories":[5,24,19],"tags":[],"_links":{"self":[{"href":"https:\/\/graenaorkan.is\/index.php?rest_route=\/wp\/v2\/posts\/2217"}],"collection":[{"href":"https:\/\/graenaorkan.is\/index.php?rest_route=\/wp\/v2\/posts"}],"about":[{"href":"https:\/\/graenaorkan.is\/index.php?rest_route=\/wp\/v2\/types\/post"}],"author":[{"embeddable":true,"href":"https:\/\/graenaorkan.is\/index.php?rest_route=\/wp\/v2\/users\/5"}],"replies":[{"embeddable":true,"href":"https:\/\/graenaorkan.is\/index.php?rest_route=%2Fwp%2Fv2%2Fcomments&post=2217"}],"version-history":[{"count":3,"href":"https:\/\/graenaorkan.is\/index.php?rest_route=\/wp\/v2\/posts\/2217\/revisions"}],"predecessor-version":[{"id":2221,"href":"https:\/\/graenaorkan.is\/index.php?rest_route=\/wp\/v2\/posts\/2217\/revisions\/2221"}],"wp:featuredmedia":[{"embeddable":true,"href":"https:\/\/graenaorkan.is\/index.php?rest_route=\/wp\/v2\/media\/2218"}],"wp:attachment":[{"href":"https:\/\/graenaorkan.is\/index.php?rest_route=%2Fwp%2Fv2%2Fmedia&parent=2217"}],"wp:term":[{"taxonomy":"category","embeddable":true,"href":"https:\/\/graenaorkan.is\/index.php?rest_route=%2Fwp%2Fv2%2Fcategories&post=2217"},{"taxonomy":"post_tag","embeddable":true,"href":"https:\/\/graenaorkan.is\/index.php?rest_route=%2Fwp%2Fv2%2Ftags&post=2217"}],"curies":[{"name":"wp","href":"https:\/\/api.w.org\/{rel}","templated":true}]}}