{"id":2222,"date":"2021-12-06T15:03:32","date_gmt":"2021-12-06T15:03:32","guid":{"rendered":"http:\/\/graenaorkan.is\/?p=2222"},"modified":"2021-12-06T15:03:33","modified_gmt":"2021-12-06T15:03:33","slug":"vidburdur-8-desember-orkuskipti-a-hafi","status":"publish","type":"post","link":"https:\/\/graenaorkan.is\/?p=2222","title":{"rendered":"Vi\u00f0bur\u00f0ur 8. desember: Orkuskipti \u00e1 hafi"},"content":{"rendered":"\n<figure class=\"wp-block-image\"><img decoding=\"async\" src=\"https:\/\/scontent.frkv2-1.fna.fbcdn.net\/v\/t39.30808-6\/262430879_1924908181015161_4478703085315112967_n.jpg?_nc_cat=107&amp;ccb=1-5&amp;_nc_sid=340051&amp;_nc_ohc=-8Q08zeP_UQAX_kzmzy&amp;_nc_ht=scontent.frkv2-1.fna&amp;oh=031b4e9e15b08f02a301815adcbc0b95&amp;oe=61B31553\" alt=\"May be an image of text\"\/><\/figure>\n\n\n\n<p><a href=\"https:\/\/samorka.is\/utgafa-og-midlun\/vidburdir\/\" target=\"_blank\" rel=\"noreferrer noopener\">Samorka<\/a>, \u00e1samt Samt\u00f6kum fyrirt\u00e6kja \u00ed sj\u00e1var\u00fatvegi, Faxafl\u00f3ah\u00f6fnum og Umhverfis- og au\u00f0lindar\u00e1\u00f0uneytinu, bj\u00f3\u00f0a til kynningar <a href=\"https:\/\/www.dnv.com\/\" target=\"_blank\" rel=\"noreferrer noopener\">DNV <\/a>\u00e1 n\u00fdrri sk\u00fdrslu um orkuskipti \u00e1 hafi. Kynningin ver\u00f0ur haldin \u00ed Kaldal\u00f3ni, H\u00f6rpu, mi\u00f0vikudaginn 8. desember.<\/p>\n\n\n\n<p>Dagskr\u00e1:<\/p>\n\n\n\n<p>\u00c1varp: Gu\u00f0laugur \u00de\u00f3r \u00de\u00f3r\u00f0arson, umhverfis-, orku- og loftslagsr\u00e1\u00f0herra<br>P\u00e1ll Erland, framkv\u00e6mdastj\u00f3ri Samorku<br>Hei\u00f0r\u00fan Lind Marteinsd\u00f3ttir, framkv\u00e6mdastj\u00f3ri SFS<br>Gunnar Tryggvason, svi\u00f0sstj\u00f3ri vi\u00f0skipta hj\u00e1 Faxafl\u00f3ah\u00f6fnum<br>Nicolai Hydle Rivedal, umhverfisverkfr\u00e6\u00f0ingur hj\u00e1 DNV<\/p>\n\n\n\n<p>Fundarstj\u00f3ri: Lov\u00edsa \u00c1rnad\u00f3ttir, uppl\u00fdsingafulltr\u00fai Samorku<\/p>\n\n\n\n<p>Allir velkomnir \u00ed H\u00f6rpu og a\u00f0gangur er \u00f3keypis. Framv\u00edsa \u00fearf gildu hra\u00f0pr\u00f3fi vi\u00f0 inngang \u00ed salinn.<\/p>\n\n\n\n<p><a href=\"https:\/\/l.facebook.com\/l.php?u=https%3A%2F%2Ftix.is%2Fis%2Fharpa%2Fbuyingflow%2Ftickets%2F12509%2F60564%2F%3Ffbclid%3DIwAR3rzGYNnT6uGumwNupl0018Mlr1H8x1ayHzc79S6NE2U3D9EelofePc6So%23tixsp&amp;h=AT0_e2q3OZCoEg4asf7RYW_jwag2FfiE0r068dEyQWqRdE2NyGiaqVDaz4mewlSThx3YpO81rsvHdUVVEWmm6aXBfg4MSifzZuYCh3Nqii3kdEOtOQqLtBHgviBfIqgMLA&amp;__tn__=q&amp;c[0]=AT3mS8Umm4NcV42wDg-BqKQLlUQrg46DvStZrqtqG0R6DR47jNMoG8DQ0kc5GUVs5urRx2IlrlEVuVHoOXiycsL82XPnRN1EMdSGaVSD1LLjZ9RyVEzOXrU9sQZaTrRWGHQwledRIsIXEbF9Xo2wMvOg\" target=\"_blank\" rel=\"noreferrer noopener\">Skr\u00e1ning til \u00fe\u00e1ttt\u00f6ku \u00ed sal fer fram h\u00e9r.<\/a><\/p>\n","protected":false},"excerpt":{"rendered":"<p>Samorka, \u00e1samt Samt\u00f6kum fyrirt\u00e6kja \u00ed sj\u00e1var\u00fatvegi, Faxafl\u00f3ah\u00f6fnum og Umhverfis- og au\u00f0lindar\u00e1\u00f0uneytinu, bj\u00f3\u00f0a til kynningar DNV \u00e1 n\u00fdrri sk\u00fdrslu um orkuskipti \u00e1 hafi. Kynningin ver\u00f0ur haldin \u00ed Kaldal\u00f3ni, H\u00f6rpu, mi\u00f0vikudaginn 8. desember. Dagskr\u00e1: \u00c1varp: Gu\u00f0laugur \u00de\u00f3r \u00de\u00f3r\u00f0arson, umhverfis-, orku- og loftslagsr\u00e1\u00f0herraP\u00e1ll &hellip; <a href=\"https:\/\/graenaorkan.is\/?p=2222\">Continue reading <span class=\"meta-nav\">&rarr;<\/span><\/a><\/p>\n","protected":false},"author":5,"featured_media":0,"comment_status":"closed","ping_status":"closed","sticky":false,"template":"","format":"standard","meta":[],"categories":[23,5,17,4],"tags":[],"_links":{"self":[{"href":"https:\/\/graenaorkan.is\/index.php?rest_route=\/wp\/v2\/posts\/2222"}],"collection":[{"href":"https:\/\/graenaorkan.is\/index.php?rest_route=\/wp\/v2\/posts"}],"about":[{"href":"https:\/\/graenaorkan.is\/index.php?rest_route=\/wp\/v2\/types\/post"}],"author":[{"embeddable":true,"href":"https:\/\/graenaorkan.is\/index.php?rest_route=\/wp\/v2\/users\/5"}],"replies":[{"embeddable":true,"href":"https:\/\/graenaorkan.is\/index.php?rest_route=%2Fwp%2Fv2%2Fcomments&post=2222"}],"version-history":[{"count":1,"href":"https:\/\/graenaorkan.is\/index.php?rest_route=\/wp\/v2\/posts\/2222\/revisions"}],"predecessor-version":[{"id":2223,"href":"https:\/\/graenaorkan.is\/index.php?rest_route=\/wp\/v2\/posts\/2222\/revisions\/2223"}],"wp:attachment":[{"href":"https:\/\/graenaorkan.is\/index.php?rest_route=%2Fwp%2Fv2%2Fmedia&parent=2222"}],"wp:term":[{"taxonomy":"category","embeddable":true,"href":"https:\/\/graenaorkan.is\/index.php?rest_route=%2Fwp%2Fv2%2Fcategories&post=2222"},{"taxonomy":"post_tag","embeddable":true,"href":"https:\/\/graenaorkan.is\/index.php?rest_route=%2Fwp%2Fv2%2Ftags&post=2222"}],"curies":[{"name":"wp","href":"https:\/\/api.w.org\/{rel}","templated":true}]}}