{"id":2250,"date":"2022-04-20T11:40:14","date_gmt":"2022-04-20T11:40:14","guid":{"rendered":"https:\/\/graenaorkan.is\/?p=2250"},"modified":"2022-05-04T10:46:49","modified_gmt":"2022-05-04T10:46:49","slug":"adalfundur-graenu-orkunnar-5-mai-2022","status":"publish","type":"post","link":"https:\/\/graenaorkan.is\/?p=2250","title":{"rendered":"A\u00f0alfundur Gr\u00e6nu orkunnar 5. ma\u00ed 2022"},"content":{"rendered":"\n<figure class=\"wp-block-image size-full\"><a href=\"https:\/\/graenaorkan.is\/wp-content\/uploads\/2022\/04\/image.png\"><img decoding=\"async\" loading=\"lazy\" width=\"890\" height=\"440\" src=\"https:\/\/graenaorkan.is\/wp-content\/uploads\/2022\/04\/image.png\" alt=\"\" class=\"wp-image-2252\" srcset=\"https:\/\/graenaorkan.is\/wp-content\/uploads\/2022\/04\/image.png 890w, https:\/\/graenaorkan.is\/wp-content\/uploads\/2022\/04\/image-300x148.png 300w, https:\/\/graenaorkan.is\/wp-content\/uploads\/2022\/04\/image-768x380.png 768w, https:\/\/graenaorkan.is\/wp-content\/uploads\/2022\/04\/image-405x200.png 405w, https:\/\/graenaorkan.is\/wp-content\/uploads\/2022\/04\/image-500x247.png 500w\" sizes=\"(max-width: 890px) 100vw, 890px\" \/><\/a><\/figure>\n\n\n<p><strong>A\u00f0alfundur Gr\u00e6nu orkunnar, Samstarfsvettvangs um orkuskipti, fer fram fimmtudaginn 5. ma\u00ed 2022 13:30-15:30 \u00ed H\u00fasi atvinnul\u00edfsins, Borgart\u00fani 35.<\/strong><\/p>\n<p>Dagskr\u00e1 a\u00f0alfundar ver\u00f0ur sem h\u00e9r segir og samkv\u00e6mt sam\u00feykktum:<\/p>\n<ol>\n<li>Kosning fundarstj\u00f3ra og fundarritara<\/li>\n<li>Sk\u00fdrsla stj\u00f3rnar l\u00f6g\u00f0 fram<\/li>\n<li>Reikningar lag\u00f0ir fram til sam\u00feykktar<\/li>\n<li>Breytingar \u00e1 sam\u00feykktum<\/li>\n<li>\u00c1kv\u00f6r\u00f0un \u00e1rgjalds<\/li>\n<li>Kosning stj\u00f3rnar<\/li>\n<li>\u00d6nnur m\u00e1l<\/li>\n<\/ol>\n<p>A\u00f0 loknum hef\u00f0bundnum a\u00f0alfundarst\u00f6rfum fer fram m\u00e1lstofa sem ber yfirskriftina <strong><em>Orkuskipti: Umbreytingar til 2030<\/em>. <\/strong>Bo\u00f0i\u00f0 ver\u00f0ur upp \u00e1 erindi fr\u00e1 \u00fdmsum a\u00f0ilum sem tengjast eldsneytisframlei\u00f0slu og -dreifingu, b\u00e6\u00f0i hef\u00f0bundnu kolvetni og vistv\u00e6nu eldsneyti.<\/p>\n<p>\u00cd lok fundarins ver\u00f0a ni\u00f0urst\u00f6\u00f0ur kosninga kynntar og fundi sliti\u00f0 um klukkan 15:30.<\/p>\n<p>Allir f\u00e9lagsmenn mega sitja a\u00f0alfund og einungis er eitt atkv\u00e6\u00f0i \u00e1 hvert a\u00f0ildarfyrirt\u00e6ki e\u00f0a -stofnun. F\u00e9lagar teljast \u00feeir sem grei\u00f0a f\u00e9lagsgjald og \u00feeir einir hafa atkv\u00e6\u00f0ar\u00e9tt \u00e1 a\u00f0alfundi. F\u00e9lagsgjald er kr. 50.000 fyrir fyrirt\u00e6ki me\u00f0 fleiri en 25 starfsmenn en kr. 12.500 fyrir minni fyrirt\u00e6ki og einstaklinga. Reikningar fyrir a\u00f0ildargj\u00f6ldum 2022 \u00e6ttu \u00feegar a\u00f0 hafa borist til a\u00f0ildarfyrirt\u00e6kja og hafa eindaga 4. ma\u00ed.<\/p>\n<p><strong>Till\u00f6gur, sem \u00f3ska\u00f0 er eftir a\u00f0 teknar ver\u00f0i til afgrei\u00f0slu \u00e1 fundinum, \u00feurfa a\u00f0 berast f\u00e9laginu a.m.k. 7 d\u00f6gum fyrir bo\u00f0a\u00f0an a\u00f0alfund, \u00fe.e. 28. apr\u00edl 2022,<\/strong> til \u00d6nnu Margr\u00e9tar Kornel\u00edusd\u00f3ttur \u00ed netfangi\u00f0 <a href=\"mailto:amk@newenergy.is\">amk@newenergy.is<\/a>.<\/p>\n<p><strong>T\u00edmabil tveggja stj\u00f3rnarmanna sem sitja fyrir h\u00f6nd atvinnul\u00edfsins l\u00fdkur \u00e1 a\u00f0alfundinum. <\/strong>\u00deeir hyggjast bj\u00f3\u00f0a sig fram til \u00e1framhaldandi stj\u00f3rnarsetu en frambo\u00f0 til stj\u00f3rnar eru velkomin og er stj\u00f3rnarseta til tveggja \u00e1ra.<\/p>\n<p><strong>\u00deeir f\u00e9lagar er hyggjast bj\u00f3\u00f0a sig fram \u00ed stj\u00f3rn skulu tilkynna frambo\u00f0<\/strong> til \u00d6nnu Margr\u00e9tar Kornel\u00edusd\u00f3ttur \u00ed netfangi\u00f0 <a href=\"mailto:amk@newenergy.is\">amk@newenergy.is<\/a> <strong>fyrir 28. apr\u00edl 2022<\/strong>.<\/p>\n<p><\/p>","protected":false},"excerpt":{"rendered":"<p>A\u00f0alfundur Gr\u00e6nu orkunnar, Samstarfsvettvangs um orkuskipti, fer fram fimmtudaginn 5. ma\u00ed 2022 13:30-15:30 \u00ed H\u00fasi atvinnul\u00edfsins, Borgart\u00fani 35. Dagskr\u00e1 a\u00f0alfundar ver\u00f0ur sem h\u00e9r segir og samkv\u00e6mt sam\u00feykktum: Kosning fundarstj\u00f3ra og fundarritara Sk\u00fdrsla stj\u00f3rnar l\u00f6g\u00f0 fram Reikningar lag\u00f0ir fram til sam\u00feykktar &hellip; <a href=\"https:\/\/graenaorkan.is\/?p=2250\">Continue reading <span class=\"meta-nav\">&rarr;<\/span><\/a><\/p>\n","protected":false},"author":5,"featured_media":0,"comment_status":"closed","ping_status":"closed","sticky":false,"template":"","format":"standard","meta":[],"categories":[5,17,18],"tags":[],"_links":{"self":[{"href":"https:\/\/graenaorkan.is\/index.php?rest_route=\/wp\/v2\/posts\/2250"}],"collection":[{"href":"https:\/\/graenaorkan.is\/index.php?rest_route=\/wp\/v2\/posts"}],"about":[{"href":"https:\/\/graenaorkan.is\/index.php?rest_route=\/wp\/v2\/types\/post"}],"author":[{"embeddable":true,"href":"https:\/\/graenaorkan.is\/index.php?rest_route=\/wp\/v2\/users\/5"}],"replies":[{"embeddable":true,"href":"https:\/\/graenaorkan.is\/index.php?rest_route=%2Fwp%2Fv2%2Fcomments&post=2250"}],"version-history":[{"count":3,"href":"https:\/\/graenaorkan.is\/index.php?rest_route=\/wp\/v2\/posts\/2250\/revisions"}],"predecessor-version":[{"id":2261,"href":"https:\/\/graenaorkan.is\/index.php?rest_route=\/wp\/v2\/posts\/2250\/revisions\/2261"}],"wp:attachment":[{"href":"https:\/\/graenaorkan.is\/index.php?rest_route=%2Fwp%2Fv2%2Fmedia&parent=2250"}],"wp:term":[{"taxonomy":"category","embeddable":true,"href":"https:\/\/graenaorkan.is\/index.php?rest_route=%2Fwp%2Fv2%2Fcategories&post=2250"},{"taxonomy":"post_tag","embeddable":true,"href":"https:\/\/graenaorkan.is\/index.php?rest_route=%2Fwp%2Fv2%2Ftags&post=2250"}],"curies":[{"name":"wp","href":"https:\/\/api.w.org\/{rel}","templated":true}]}}