{"id":2315,"date":"2023-01-21T10:36:38","date_gmt":"2023-01-21T10:36:38","guid":{"rendered":"https:\/\/graenaorkan.is\/?p=2315"},"modified":"2023-01-25T14:54:05","modified_gmt":"2023-01-25T14:54:05","slug":"skatttekjur-rikisins-af-hverjum-bil-hafa-dregist-saman-um-30-a-sidustu-10-arum","status":"publish","type":"post","link":"https:\/\/graenaorkan.is\/?p=2315","title":{"rendered":"Skatttekjur r\u00edkisins af hverjum b\u00edl hafa dregist saman um 30% \u00e1 s\u00ed\u00f0ustu 10 \u00e1rum"},"content":{"rendered":"\n<figure class=\"wp-block-image size-full\"><a href=\"https:\/\/graenaorkan.is\/wp-content\/uploads\/2016\/03\/fast-charging-cars.jpg\"><img decoding=\"async\" loading=\"lazy\" width=\"638\" height=\"359\" src=\"https:\/\/graenaorkan.is\/wp-content\/uploads\/2016\/03\/fast-charging-cars.jpg\" alt=\"\" class=\"wp-image-1327\" srcset=\"https:\/\/graenaorkan.is\/wp-content\/uploads\/2016\/03\/fast-charging-cars.jpg 638w, https:\/\/graenaorkan.is\/wp-content\/uploads\/2016\/03\/fast-charging-cars-300x168.jpg 300w, https:\/\/graenaorkan.is\/wp-content\/uploads\/2016\/03\/fast-charging-cars-355x200.jpg 355w\" sizes=\"(max-width: 638px) 100vw, 638px\" \/><\/a><figcaption class=\"wp-element-caption\">Rafb\u00edlar \u00ed hle\u00f0slu \u00ed Noregi (Mynd: Gr\u00e6na orkan)<\/figcaption><\/figure>\n\n\n\n<p>Skatttekjur r\u00edkisins af hverjum b\u00edl hafa dregist saman um 30% undanfarinn \u00e1ratug. \u00c1 sama t\u00edma hefur b\u00edlum fj\u00f6lga\u00f0 um \u00feri\u00f0jung og \u00fatgj\u00f6ld til vegakerfisins hafa st\u00f3raukist. B\u00edlaleigub\u00edlar eiga sinn \u00fe\u00e1tt \u00ed aukningunni. \u00deeim hefur fj\u00f6lga\u00f0, en \u00fe\u00f3 ekki nema um fimmt\u00e1n \u00fe\u00fasund \u00e1 \u00e1ratug.<\/p>\n\n\n\n<p>\u00deetta kemur fram \u00ed fr\u00e9tt eftir Alexander Kristj\u00e1nsson \u00e1 <a rel=\"noreferrer noopener\" href=\"https:\/\/www.ruv.is\/frettir\/innlent\/2023-01-20-tekjur-rikisins-af-okutaekjum-halda-ekki-i-vid-utgjold\" target=\"_blank\">ruv.is<\/a> og v\u00edsar \u00fear til uppl\u00fdsinga er komu fram \u00ed erindi Stefan\u00edu Kolbr\u00fanar \u00c1sbj\u00f6rnsd\u00f3ttur, hagfr\u00e6\u00f0ings hj\u00e1 Samt\u00f6kum atvinnul\u00edfsins \u00e1 <a href=\"https:\/\/www.vi.is\/vidburdir\/skattadagurinn-2023\" target=\"_blank\" rel=\"noreferrer noopener\">skattadegi Deloitte.<\/a><\/p>\n","protected":false},"excerpt":{"rendered":"<p>Skatttekjur r\u00edkisins af hverjum b\u00edl hafa dregist saman um 30% undanfarinn \u00e1ratug. \u00c1 sama t\u00edma hefur b\u00edlum fj\u00f6lga\u00f0 um \u00feri\u00f0jung og \u00fatgj\u00f6ld til vegakerfisins hafa st\u00f3raukist. B\u00edlaleigub\u00edlar eiga sinn \u00fe\u00e1tt \u00ed aukningunni. \u00deeim hefur fj\u00f6lga\u00f0, en \u00fe\u00f3 ekki nema um &hellip; <a href=\"https:\/\/graenaorkan.is\/?p=2315\">Continue reading <span class=\"meta-nav\">&rarr;<\/span><\/a><\/p>\n","protected":false},"author":5,"featured_media":0,"comment_status":"closed","ping_status":"closed","sticky":false,"template":"","format":"standard","meta":[],"categories":[3,20,21],"tags":[],"_links":{"self":[{"href":"https:\/\/graenaorkan.is\/index.php?rest_route=\/wp\/v2\/posts\/2315"}],"collection":[{"href":"https:\/\/graenaorkan.is\/index.php?rest_route=\/wp\/v2\/posts"}],"about":[{"href":"https:\/\/graenaorkan.is\/index.php?rest_route=\/wp\/v2\/types\/post"}],"author":[{"embeddable":true,"href":"https:\/\/graenaorkan.is\/index.php?rest_route=\/wp\/v2\/users\/5"}],"replies":[{"embeddable":true,"href":"https:\/\/graenaorkan.is\/index.php?rest_route=%2Fwp%2Fv2%2Fcomments&post=2315"}],"version-history":[{"count":1,"href":"https:\/\/graenaorkan.is\/index.php?rest_route=\/wp\/v2\/posts\/2315\/revisions"}],"predecessor-version":[{"id":2316,"href":"https:\/\/graenaorkan.is\/index.php?rest_route=\/wp\/v2\/posts\/2315\/revisions\/2316"}],"wp:attachment":[{"href":"https:\/\/graenaorkan.is\/index.php?rest_route=%2Fwp%2Fv2%2Fmedia&parent=2315"}],"wp:term":[{"taxonomy":"category","embeddable":true,"href":"https:\/\/graenaorkan.is\/index.php?rest_route=%2Fwp%2Fv2%2Fcategories&post=2315"},{"taxonomy":"post_tag","embeddable":true,"href":"https:\/\/graenaorkan.is\/index.php?rest_route=%2Fwp%2Fv2%2Ftags&post=2315"}],"curies":[{"name":"wp","href":"https:\/\/api.w.org\/{rel}","templated":true}]}}