{"id":2318,"date":"2023-02-17T09:56:41","date_gmt":"2023-02-17T09:56:41","guid":{"rendered":"https:\/\/graenaorkan.is\/?p=2318"},"modified":"2023-02-17T09:56:41","modified_gmt":"2023-02-17T09:56:41","slug":"hefur-thu-notad-vefinn-orkuskiptaspa-is","status":"publish","type":"post","link":"https:\/\/graenaorkan.is\/?p=2318","title":{"rendered":"Hefur \u00fe\u00fa nota\u00f0 vefinn orkuskiptaspa.is?"},"content":{"rendered":"\n<figure class=\"wp-block-image size-large\"><a href=\"https:\/\/graenaorkan.is\/wp-content\/uploads\/2023\/02\/image.png\"><img decoding=\"async\" loading=\"lazy\" width=\"1024\" height=\"725\" src=\"https:\/\/graenaorkan.is\/wp-content\/uploads\/2023\/02\/image-1024x725.png\" alt=\"\" class=\"wp-image-2319\" srcset=\"https:\/\/graenaorkan.is\/wp-content\/uploads\/2023\/02\/image-1024x725.png 1024w, https:\/\/graenaorkan.is\/wp-content\/uploads\/2023\/02\/image-300x212.png 300w, https:\/\/graenaorkan.is\/wp-content\/uploads\/2023\/02\/image-768x543.png 768w, https:\/\/graenaorkan.is\/wp-content\/uploads\/2023\/02\/image-283x200.png 283w, https:\/\/graenaorkan.is\/wp-content\/uploads\/2023\/02\/image-1536x1087.png 1536w, https:\/\/graenaorkan.is\/wp-content\/uploads\/2023\/02\/image-424x300.png 424w, https:\/\/graenaorkan.is\/wp-content\/uploads\/2023\/02\/image.png 2048w\" sizes=\"(max-width: 1024px) 100vw, 1024px\" \/><\/a><\/figure>\n\n\n\n<p>Orkustofnun kynnti n\u00fdjan vef <a rel=\"noreferrer noopener\" href=\"https:\/\/www.orkuskiptaspa.is\/\" target=\"_blank\">www.orkuskiptaspa.is<\/a> \u00e1 <a rel=\"noreferrer noopener\" href=\"https:\/\/orkustofnun.is\/orkustofnun\/frettir\/er-plass-fyrir-1-bensinbil-i-vidbot\" target=\"_blank\">vi\u00f0bur\u00f0i<\/a> \u00ed n\u00f3vember s\u00ed\u00f0astli\u00f0num. <\/p>\n\n\n\n<p>Orkuskiptal\u00edkani\u00f0 \u00e1 vefnum er gagnvirkt verkf\u00e6ri til a\u00f0 m\u00f3ta \u00e1\u00e6tlanager\u00f0 \u00fat fr\u00e1 stillanlegum forsendum sem geta r\u00edma\u00f0 vi\u00f0 markmi\u00f0, stefnu og skuldbindingar \u00cdslands \u00ed orku- og loftslagsm\u00e1lum.<\/p>\n\n\n\n<p>\u00dear m\u00e1 breyta hinum \u00fdmsu forsendum og sj\u00e1, myndr\u00e6nt, hva\u00f0a \u00e1hrif \u00fe\u00e6r hafa \u00e1 \u00fatkomuna, til d\u00e6mis hlutfall n\u00fdrra orkugjafa, losun \u00e1kve\u00f0inna samg\u00f6ngu\u00fe\u00e1tta og svo framvegis.<\/p>\n","protected":false},"excerpt":{"rendered":"<p>Orkustofnun kynnti n\u00fdjan vef www.orkuskiptaspa.is \u00e1 vi\u00f0bur\u00f0i \u00ed n\u00f3vember s\u00ed\u00f0astli\u00f0num. Orkuskiptal\u00edkani\u00f0 \u00e1 vefnum er gagnvirkt verkf\u00e6ri til a\u00f0 m\u00f3ta \u00e1\u00e6tlanager\u00f0 \u00fat fr\u00e1 stillanlegum forsendum sem geta r\u00edma\u00f0 vi\u00f0 markmi\u00f0, stefnu og skuldbindingar \u00cdslands \u00ed orku- og loftslagsm\u00e1lum. \u00dear m\u00e1 breyta &hellip; <a href=\"https:\/\/graenaorkan.is\/?p=2318\">Continue reading <span class=\"meta-nav\">&rarr;<\/span><\/a><\/p>\n","protected":false},"author":5,"featured_media":0,"comment_status":"closed","ping_status":"closed","sticky":false,"template":"","format":"standard","meta":[],"categories":[1],"tags":[],"_links":{"self":[{"href":"https:\/\/graenaorkan.is\/index.php?rest_route=\/wp\/v2\/posts\/2318"}],"collection":[{"href":"https:\/\/graenaorkan.is\/index.php?rest_route=\/wp\/v2\/posts"}],"about":[{"href":"https:\/\/graenaorkan.is\/index.php?rest_route=\/wp\/v2\/types\/post"}],"author":[{"embeddable":true,"href":"https:\/\/graenaorkan.is\/index.php?rest_route=\/wp\/v2\/users\/5"}],"replies":[{"embeddable":true,"href":"https:\/\/graenaorkan.is\/index.php?rest_route=%2Fwp%2Fv2%2Fcomments&post=2318"}],"version-history":[{"count":3,"href":"https:\/\/graenaorkan.is\/index.php?rest_route=\/wp\/v2\/posts\/2318\/revisions"}],"predecessor-version":[{"id":2323,"href":"https:\/\/graenaorkan.is\/index.php?rest_route=\/wp\/v2\/posts\/2318\/revisions\/2323"}],"wp:attachment":[{"href":"https:\/\/graenaorkan.is\/index.php?rest_route=%2Fwp%2Fv2%2Fmedia&parent=2318"}],"wp:term":[{"taxonomy":"category","embeddable":true,"href":"https:\/\/graenaorkan.is\/index.php?rest_route=%2Fwp%2Fv2%2Fcategories&post=2318"},{"taxonomy":"post_tag","embeddable":true,"href":"https:\/\/graenaorkan.is\/index.php?rest_route=%2Fwp%2Fv2%2Ftags&post=2318"}],"curies":[{"name":"wp","href":"https:\/\/api.w.org\/{rel}","templated":true}]}}