{"id":2325,"date":"2023-02-28T14:02:23","date_gmt":"2023-02-28T14:02:23","guid":{"rendered":"https:\/\/graenaorkan.is\/?p=2325"},"modified":"2023-02-28T14:02:23","modified_gmt":"2023-02-28T14:02:23","slug":"leidir-til-ad-hrada-orkuskiptum-i-flugi-til-skodunar-innan-urn","status":"publish","type":"post","link":"https:\/\/graenaorkan.is\/?p=2325","title":{"rendered":"Lei\u00f0ir til a\u00f0 hra\u00f0a orkuskiptum \u00ed flugi til sko\u00f0unar innan URN"},"content":{"rendered":"\n<figure class=\"wp-block-image size-full\"><a href=\"https:\/\/graenaorkan.is\/wp-content\/uploads\/2023\/02\/image-1.png\"><img decoding=\"async\" loading=\"lazy\" width=\"963\" height=\"420\" src=\"https:\/\/graenaorkan.is\/wp-content\/uploads\/2023\/02\/image-1.png\" alt=\"\" class=\"wp-image-2326\" srcset=\"https:\/\/graenaorkan.is\/wp-content\/uploads\/2023\/02\/image-1.png 963w, https:\/\/graenaorkan.is\/wp-content\/uploads\/2023\/02\/image-1-300x131.png 300w, https:\/\/graenaorkan.is\/wp-content\/uploads\/2023\/02\/image-1-768x335.png 768w, https:\/\/graenaorkan.is\/wp-content\/uploads\/2023\/02\/image-1-420x183.png 420w, https:\/\/graenaorkan.is\/wp-content\/uploads\/2023\/02\/image-1-500x218.png 500w\" sizes=\"(max-width: 963px) 100vw, 963px\" \/><\/a><figcaption class=\"wp-element-caption\">Mynd fr\u00e1 Isavia <\/figcaption><\/figure>\n\n\n\n<p>Gu\u00f0laugur \u00de\u00f3r \u00de\u00f3r\u00f0arson, umhverfis-, orku- og loftslagsr\u00e1\u00f0herra, hefur skipa\u00f0 starfsh\u00f3p sem mun sko\u00f0a og leggja fram till\u00f6gur a\u00f0 lei\u00f0um til a\u00f0 hra\u00f0a orkuskiptum \u00ed flugi, me\u00f0 notkun endurn\u00fdjanlegs eldsneytis fyrir millilandaflug. <a href=\"https:\/\/www.stjornarradid.is\/efst-a-baugi\/frettir\/stok-frett\/2023\/02\/23\/Leidir-til-hrada-orkuskiptum-i-flugi-til-skodunar-starfshopur-skipadur\/\" target=\"_blank\" rel=\"noreferrer noopener\">Starfsh\u00f3purinn \u00e1 \u00ed st\u00f6rfum s\u00ednum a\u00f0 taka mi\u00f0 af stefnu stj\u00f3rnvalda<\/a>, sem og a\u00f0ger\u00f0a\u00e1\u00e6tlunum um orkuskipti og \u00ed loftslagsm\u00e1lum.\u00a0<\/p>\n\n\n\n<p>Gu\u00f0r\u00fan Hafsteinsd\u00f3ttir al\u00feingisma\u00f0ur er forma\u00f0ur h\u00f3psins. A\u00f0 auki skipa starfsh\u00f3pinn:<\/p>\n\n\n\n<blockquote class=\"wp-block-quote\">\n<ul>\n<li>Alexandra Kj\u00e6rnested Arnarsd\u00f3ttir, EES-s\u00e9rfr\u00e6\u00f0ingur, tilnefnd af utanr\u00edkisr\u00e1\u00f0uneytinu<\/li>\n\n\n\n<li>Erla Sigr\u00ed\u00f0ur Gestsd\u00f3ttir, teymisstj\u00f3ri orkum\u00e1la \u00ed umhverfis-, orku- og loftslagsr\u00e1\u00f0uneytinu<\/li>\n\n\n\n<li>J\u00f3n \u00c1sgeir H. \u00deorvaldsson, verkefnisstj\u00f3ri \u00ed orkuskiptum hj\u00e1 Orkustofnun<\/li>\n\n\n\n<li>Ingvi M\u00e1r P\u00e1lsson, tilnefndur af menningar- og vi\u00f0skiptar\u00e1\u00f0uneytinu<\/li>\n\n\n\n<li>Orri P\u00e1ll J\u00f3hannsson, al\u00feingisma\u00f0ur, tilnefndur af fors\u00e6tisr\u00e1\u00f0uneytinu<\/li>\n\n\n\n<li>Valger\u00f0ur B. Eggertsd\u00f3ttir, l\u00f6gfr\u00e6\u00f0ingur, tilnefnd af innvi\u00f0ar\u00e1\u00f0uneytinu<\/li>\n<\/ul>\n<\/blockquote>\n","protected":false},"excerpt":{"rendered":"<p>Gu\u00f0laugur \u00de\u00f3r \u00de\u00f3r\u00f0arson, umhverfis-, orku- og loftslagsr\u00e1\u00f0herra, hefur skipa\u00f0 starfsh\u00f3p sem mun sko\u00f0a og leggja fram till\u00f6gur a\u00f0 lei\u00f0um til a\u00f0 hra\u00f0a orkuskiptum \u00ed flugi, me\u00f0 notkun endurn\u00fdjanlegs eldsneytis fyrir millilandaflug. Starfsh\u00f3purinn \u00e1 \u00ed st\u00f6rfum s\u00ednum a\u00f0 taka mi\u00f0 af &hellip; <a href=\"https:\/\/graenaorkan.is\/?p=2325\">Continue reading <span class=\"meta-nav\">&rarr;<\/span><\/a><\/p>\n","protected":false},"author":5,"featured_media":0,"comment_status":"closed","ping_status":"closed","sticky":false,"template":"","format":"standard","meta":[],"categories":[1],"tags":[],"_links":{"self":[{"href":"https:\/\/graenaorkan.is\/index.php?rest_route=\/wp\/v2\/posts\/2325"}],"collection":[{"href":"https:\/\/graenaorkan.is\/index.php?rest_route=\/wp\/v2\/posts"}],"about":[{"href":"https:\/\/graenaorkan.is\/index.php?rest_route=\/wp\/v2\/types\/post"}],"author":[{"embeddable":true,"href":"https:\/\/graenaorkan.is\/index.php?rest_route=\/wp\/v2\/users\/5"}],"replies":[{"embeddable":true,"href":"https:\/\/graenaorkan.is\/index.php?rest_route=%2Fwp%2Fv2%2Fcomments&post=2325"}],"version-history":[{"count":1,"href":"https:\/\/graenaorkan.is\/index.php?rest_route=\/wp\/v2\/posts\/2325\/revisions"}],"predecessor-version":[{"id":2327,"href":"https:\/\/graenaorkan.is\/index.php?rest_route=\/wp\/v2\/posts\/2325\/revisions\/2327"}],"wp:attachment":[{"href":"https:\/\/graenaorkan.is\/index.php?rest_route=%2Fwp%2Fv2%2Fmedia&parent=2325"}],"wp:term":[{"taxonomy":"category","embeddable":true,"href":"https:\/\/graenaorkan.is\/index.php?rest_route=%2Fwp%2Fv2%2Fcategories&post=2325"},{"taxonomy":"post_tag","embeddable":true,"href":"https:\/\/graenaorkan.is\/index.php?rest_route=%2Fwp%2Fv2%2Ftags&post=2325"}],"curies":[{"name":"wp","href":"https:\/\/api.w.org\/{rel}","templated":true}]}}