{"id":2355,"date":"2023-05-05T09:42:12","date_gmt":"2023-05-05T09:42:12","guid":{"rendered":"https:\/\/graenaorkan.is\/?p=2355"},"modified":"2023-08-31T14:32:49","modified_gmt":"2023-08-31T14:32:49","slug":"adalfundur-graenu-orkunnar-25-mai-2023","status":"publish","type":"post","link":"https:\/\/graenaorkan.is\/?p=2355","title":{"rendered":"A\u00f0alfundur Gr\u00e6nu orkunnar 25. ma\u00ed 2023"},"content":{"rendered":"\n<h2 class=\"has-text-align-left has-black-color has-text-color wp-block-heading\"><strong>A\u00f0alfundur Gr\u00e6nu orkunnar, Samstarfsvettvangs um orkuskipti, fer fram fimmtudaginn 25. ma\u00ed 2023 13:00-15:00 \u00ed H\u00fasi atvinnul\u00edfsins, Borgart\u00fani 35<\/strong><\/h2>\n\n\n\n<p class=\"has-small-font-size\">Dagskr\u00e1 a\u00f0alfundar ver\u00f0ur sem h\u00e9r segir og samkv\u00e6mt sam\u00feykktum:<\/p>\n\n\n\n<blockquote class=\"wp-block-quote\">\n<div class=\"wp-block-group is-vertical is-layout-flex wp-container-1\">\n<p class=\"has-text-align-left has-small-font-size\">Kosning fundarstj\u00f3ra og fundarritara<\/p>\n\n\n\n<p class=\"has-text-align-left has-small-font-size\">Sk\u00fdrsla stj\u00f3rnar l\u00f6g\u00f0 fram<\/p>\n\n\n\n<p class=\"has-text-align-left has-small-font-size\">Reikningar lag\u00f0ir fram til sam\u00feykktar<\/p>\n\n\n\n<p class=\"has-text-align-left has-small-font-size\">Breytingar \u00e1 sam\u00feykktum<\/p>\n\n\n\n<p class=\"has-text-align-left has-small-font-size\">\u00c1kv\u00f6r\u00f0un \u00e1rgjalds<\/p>\n\n\n\n<p class=\"has-text-align-left has-small-font-size\">Kosning stj\u00f3rnar<\/p>\n\n\n\n<p class=\"has-text-align-left has-small-font-size\">\u00d6nnur m\u00e1l<\/p>\n<\/div>\n<\/blockquote>\n\n\n\n<p class=\"has-small-font-size\">Allir f\u00e9lagsmenn mega sitja a\u00f0alfund og einungis er eitt atkv\u00e6\u00f0i \u00e1 hvert a\u00f0ildarfyrirt\u00e6ki e\u00f0a -stofnun. F\u00e9lagar teljast \u00feeir sem grei\u00f0a f\u00e9lagsgjald og \u00feeir einir hafa atkv\u00e6\u00f0ar\u00e9tt \u00e1 a\u00f0alfundi. Reikningar fyrir a\u00f0ildargj\u00f6ldum 2023 \u00e6ttu \u00feegar a\u00f0 hafa borist til a\u00f0ildarfyrirt\u00e6kja og hafa eindaga 1. ma\u00ed.<\/p>\n\n\n\n<p class=\"has-small-font-size\"><strong>Till\u00f6gur, sem \u00f3ska\u00f0 er eftir a\u00f0 teknar ver\u00f0i til afgrei\u00f0slu \u00e1 fundinum, \u00feurfa a\u00f0 berast f\u00e9laginu a.m.k. 7 d\u00f6gum fyrir bo\u00f0a\u00f0an a\u00f0alfund, \u00fe.e. 18. ma\u00ed 2023,<\/strong> til \u00d6nnu Margr\u00e9tar Kornel\u00edusd\u00f3ttur \u00ed netfangi\u00f0 <a href=\"mailto:amk@newenergy.is\">amk@newenergy.is<\/a>.<\/p>\n\n\n\n<p class=\"has-small-font-size\"><strong>T\u00edmabil tveggja stj\u00f3rnarmanna sem sitja fyrir h\u00f6nd atvinnul\u00edfsins l\u00fdkur \u00e1 a\u00f0alfundinum. <\/strong>\u00deeir hyggjast bj\u00f3\u00f0a sig fram til \u00e1framhaldandi stj\u00f3rnarsetu en frambo\u00f0 til stj\u00f3rnar eru velkomin og er stj\u00f3rnarseta til tveggja \u00e1ra.<\/p>\n\n\n\n<p class=\"has-small-font-size\"><strong>\u00deeir f\u00e9lagar er hyggjast bj\u00f3\u00f0a sig fram \u00ed stj\u00f3rn skulu tilkynna frambo\u00f0<\/strong> til \u00d6nnu Margr\u00e9tar Kornel\u00edusd\u00f3ttur \u00ed netfangi\u00f0 <a href=\"mailto:amk@newenergy.is\">amk@newenergy.is<\/a> <strong>fyrir lok dags 18. ma\u00ed 2023<\/strong>.<\/p>\n\n\n\n<p class=\"has-small-font-size\" id=\"block-3106a7a8-a7cb-4901-9469-3bca7b7bd868\"><br>A\u00f0 loknum hef\u00f0bundnum a\u00f0alfundarst\u00f6rfum fer fram <strong>m\u00e1lstofa sem ber yfirskriftina <em>Nei, \u00fea\u00f0 er ekki pl\u00e1ss fyrir einn bens\u00ednb\u00edl \u00ed vi\u00f0b\u00f3t<\/em><\/strong>. <strong>Egill J\u00f3hannsso<\/strong>n framkv\u00e6mdastj\u00f3ri Brimborgar og <strong>Mar\u00eda J\u00f3na Magn\u00fasd\u00f3ttir<\/strong> framkv\u00e6mdastj\u00f3ri B\u00edlgreinasambandsins munu kynna og fara yfir vegasamg\u00f6ngul\u00edkan sem unni\u00f0 hefur veri\u00f0 a\u00f0 \u00ed kj\u00f6lfar samstarfsverkefnis atvinnul\u00edfs og stj\u00f3rnvalda, Loftslagsvegv\u00edsir atvinnul\u00edfsins (LVA).<\/p>\n\n\n\n<p class=\"has-small-font-size\" id=\"block-7f2fef62-85e4-4581-9adb-d07e5272a47f\">\u00cd lok fundarins ver\u00f0a ni\u00f0urst\u00f6\u00f0ur kosninga kynntar og fundi sliti\u00f0 um klukkan 15:00. Bo\u00f0i\u00f0 ver\u00f0ur upp \u00e1 l\u00e9ttar veitingar.<\/p>\n\n\n\n<div class=\"wp-block-file\"><object class=\"wp-block-file__embed\" data=\"https:\/\/graenaorkan.is\/wp-content\/uploads\/2023\/08\/Fundargerd-adalfundar-Graenu-orkunnar-2023-1.pdf\" type=\"application\/pdf\" style=\"width:100%;height:600px\" aria-label=\"Embed of Fundargerd-adalfundar-Graenu-orkunnar-2023-1.\"><\/object><a id=\"wp-block-file--media-128c7e0e-b499-49fd-97a2-f5f90cd7ee9b\" href=\"https:\/\/graenaorkan.is\/wp-content\/uploads\/2023\/08\/Fundargerd-adalfundar-Graenu-orkunnar-2023-1.pdf\">Fundargerd-adalfundar-Graenu-orkunnar-2023-1<\/a><a href=\"https:\/\/graenaorkan.is\/wp-content\/uploads\/2023\/08\/Fundargerd-adalfundar-Graenu-orkunnar-2023-1.pdf\" class=\"wp-block-file__button wp-element-button\" download aria-describedby=\"wp-block-file--media-128c7e0e-b499-49fd-97a2-f5f90cd7ee9b\">Download<\/a><\/div>\n","protected":false},"excerpt":{"rendered":"<p>A\u00f0alfundur Gr\u00e6nu orkunnar, Samstarfsvettvangs um orkuskipti, fer fram fimmtudaginn 25. ma\u00ed 2023 13:00-15:00 \u00ed H\u00fasi atvinnul\u00edfsins, Borgart\u00fani 35 Dagskr\u00e1 a\u00f0alfundar ver\u00f0ur sem h\u00e9r segir og samkv\u00e6mt sam\u00feykktum: Allir f\u00e9lagsmenn mega sitja a\u00f0alfund og einungis er eitt atkv\u00e6\u00f0i \u00e1 hvert a\u00f0ildarfyrirt\u00e6ki &hellip; <a href=\"https:\/\/graenaorkan.is\/?p=2355\">Continue reading <span class=\"meta-nav\">&rarr;<\/span><\/a><\/p>\n","protected":false},"author":5,"featured_media":0,"comment_status":"closed","ping_status":"closed","sticky":false,"template":"","format":"standard","meta":[],"categories":[5,20,21],"tags":[],"_links":{"self":[{"href":"https:\/\/graenaorkan.is\/index.php?rest_route=\/wp\/v2\/posts\/2355"}],"collection":[{"href":"https:\/\/graenaorkan.is\/index.php?rest_route=\/wp\/v2\/posts"}],"about":[{"href":"https:\/\/graenaorkan.is\/index.php?rest_route=\/wp\/v2\/types\/post"}],"author":[{"embeddable":true,"href":"https:\/\/graenaorkan.is\/index.php?rest_route=\/wp\/v2\/users\/5"}],"replies":[{"embeddable":true,"href":"https:\/\/graenaorkan.is\/index.php?rest_route=%2Fwp%2Fv2%2Fcomments&post=2355"}],"version-history":[{"count":8,"href":"https:\/\/graenaorkan.is\/index.php?rest_route=\/wp\/v2\/posts\/2355\/revisions"}],"predecessor-version":[{"id":2425,"href":"https:\/\/graenaorkan.is\/index.php?rest_route=\/wp\/v2\/posts\/2355\/revisions\/2425"}],"wp:attachment":[{"href":"https:\/\/graenaorkan.is\/index.php?rest_route=%2Fwp%2Fv2%2Fmedia&parent=2355"}],"wp:term":[{"taxonomy":"category","embeddable":true,"href":"https:\/\/graenaorkan.is\/index.php?rest_route=%2Fwp%2Fv2%2Fcategories&post=2355"},{"taxonomy":"post_tag","embeddable":true,"href":"https:\/\/graenaorkan.is\/index.php?rest_route=%2Fwp%2Fv2%2Ftags&post=2355"}],"curies":[{"name":"wp","href":"https:\/\/api.w.org\/{rel}","templated":true}]}}