{"id":2388,"date":"2023-06-09T10:45:43","date_gmt":"2023-06-09T10:45:43","guid":{"rendered":"https:\/\/graenaorkan.is\/?p=2388"},"modified":"2023-06-28T09:14:40","modified_gmt":"2023-06-28T09:14:40","slug":"loftslags-vegvisar-atvinnulifsins-kynntir","status":"publish","type":"post","link":"https:\/\/graenaorkan.is\/?p=2388","title":{"rendered":"Loftslags vegv\u00edsar atvinnul\u00edfsins kynntir"},"content":{"rendered":"\n<figure class=\"wp-block-image size-large\"><a href=\"https:\/\/graenaorkan.is\/wp-content\/uploads\/2023\/06\/image.png\"><img decoding=\"async\" loading=\"lazy\" width=\"1024\" height=\"512\" src=\"https:\/\/graenaorkan.is\/wp-content\/uploads\/2023\/06\/image-1024x512.png\" alt=\"\" class=\"wp-image-2392\" srcset=\"https:\/\/graenaorkan.is\/wp-content\/uploads\/2023\/06\/image-1024x512.png 1024w, https:\/\/graenaorkan.is\/wp-content\/uploads\/2023\/06\/image-300x150.png 300w, https:\/\/graenaorkan.is\/wp-content\/uploads\/2023\/06\/image-768x384.png 768w, https:\/\/graenaorkan.is\/wp-content\/uploads\/2023\/06\/image-400x200.png 400w, https:\/\/graenaorkan.is\/wp-content\/uploads\/2023\/06\/image-500x250.png 500w, https:\/\/graenaorkan.is\/wp-content\/uploads\/2023\/06\/image.png 1311w\" sizes=\"(max-width: 1024px) 100vw, 1024px\" \/><\/a><figcaption class=\"wp-element-caption\">Samstarfsa\u00f0ilar verkefnah\u00f3ps Loftslagsvegv\u00edsa atvinnul\u00edfsins<\/figcaption><\/figure>\n\n\n\n<p>\u00cd byrjun j\u00fan\u00ed afhentu ellefu atvinnugreinar Gu\u00f0laugi \u00de\u00f3r \u00de\u00f3r\u00f0arsyni, umhverfis-, orku-, og loftslagsr\u00e1\u00f0herra <a rel=\"noreferrer noopener\" href=\"https:\/\/www.stjornarradid.is\/efst-a-baugi\/frettir\/stok-frett\/2023\/06\/08\/332-tillogur-ad-adgerdum-sem-studlad-geta-ad-samdraetti-i-losun-afhentar-radherra\/\" target=\"_blank\">332 till\u00f6gur a\u00f0 a\u00f0ger\u00f0um<\/a> sem stu\u00f0la eiga a\u00f0 auknum samdr\u00e6tti \u00ed losun atvinnugreina. Afhendingin f\u00f3r fram \u00e1 Gr\u00e6n\u00feingi \u00ed H\u00f6rpu 8. j\u00fan\u00ed, \u00ed tengslum vi\u00f0 \u00fatg\u00e1fu Loftslagsvegv\u00edsa atvinnul\u00edfsins (LVA). LVA er samstarfsverkefni atvinnul\u00edfs og stj\u00f3rnvalda og var vinnan unnin \u00e1 forsendum fyrirt\u00e6kja \u00ed \u00edslensku atvinnul\u00edfi me\u00f0 stu\u00f0ningi fr\u00e1 vinnuteymi umhverfis-, orku- og loftslagsr\u00e1\u00f0uneytisins.<\/p>\n\n\n\n<p>Loftslagsvegv\u00edsar atvinnul\u00edfsins eru lifandi skj\u00f6l sem ver\u00f0a uppf\u00e6r\u00f0 reglulega, en einnig ver\u00f0ur h\u00e6gt a\u00f0 b\u00e6ta vi\u00f0 atvinnugreinum eftir \u00fev\u00ed sem verkefninu vindur fram. <a href=\"https:\/\/www.loftslagsvegvisar.is\/\" target=\"_blank\" rel=\"noreferrer noopener\">Vefs\u00ed\u00f0a verkefnisins heldur utan um vegv\u00edsa fyrir hverja atvinnugrein<\/a> \u00e1samt uppf\u00e6r\u00f0um a\u00f0ger\u00f0um og framvindu \u00feeirra.<\/p>\n","protected":false},"excerpt":{"rendered":"<p>\u00cd byrjun j\u00fan\u00ed afhentu ellefu atvinnugreinar Gu\u00f0laugi \u00de\u00f3r \u00de\u00f3r\u00f0arsyni, umhverfis-, orku-, og loftslagsr\u00e1\u00f0herra 332 till\u00f6gur a\u00f0 a\u00f0ger\u00f0um sem stu\u00f0la eiga a\u00f0 auknum samdr\u00e6tti \u00ed losun atvinnugreina. Afhendingin f\u00f3r fram \u00e1 Gr\u00e6n\u00feingi \u00ed H\u00f6rpu 8. j\u00fan\u00ed, \u00ed tengslum vi\u00f0 \u00fatg\u00e1fu Loftslagsvegv\u00edsa &hellip; <a href=\"https:\/\/graenaorkan.is\/?p=2388\">Continue reading <span class=\"meta-nav\">&rarr;<\/span><\/a><\/p>\n","protected":false},"author":5,"featured_media":0,"comment_status":"closed","ping_status":"closed","sticky":false,"template":"","format":"standard","meta":[],"categories":[5,24,18,21],"tags":[],"_links":{"self":[{"href":"https:\/\/graenaorkan.is\/index.php?rest_route=\/wp\/v2\/posts\/2388"}],"collection":[{"href":"https:\/\/graenaorkan.is\/index.php?rest_route=\/wp\/v2\/posts"}],"about":[{"href":"https:\/\/graenaorkan.is\/index.php?rest_route=\/wp\/v2\/types\/post"}],"author":[{"embeddable":true,"href":"https:\/\/graenaorkan.is\/index.php?rest_route=\/wp\/v2\/users\/5"}],"replies":[{"embeddable":true,"href":"https:\/\/graenaorkan.is\/index.php?rest_route=%2Fwp%2Fv2%2Fcomments&post=2388"}],"version-history":[{"count":2,"href":"https:\/\/graenaorkan.is\/index.php?rest_route=\/wp\/v2\/posts\/2388\/revisions"}],"predecessor-version":[{"id":2394,"href":"https:\/\/graenaorkan.is\/index.php?rest_route=\/wp\/v2\/posts\/2388\/revisions\/2394"}],"wp:attachment":[{"href":"https:\/\/graenaorkan.is\/index.php?rest_route=%2Fwp%2Fv2%2Fmedia&parent=2388"}],"wp:term":[{"taxonomy":"category","embeddable":true,"href":"https:\/\/graenaorkan.is\/index.php?rest_route=%2Fwp%2Fv2%2Fcategories&post=2388"},{"taxonomy":"post_tag","embeddable":true,"href":"https:\/\/graenaorkan.is\/index.php?rest_route=%2Fwp%2Fv2%2Ftags&post=2388"}],"curies":[{"name":"wp","href":"https:\/\/api.w.org\/{rel}","templated":true}]}}