{"id":2395,"date":"2023-06-28T09:22:22","date_gmt":"2023-06-28T09:22:22","guid":{"rendered":"https:\/\/graenaorkan.is\/?p=2395"},"modified":"2023-06-28T09:22:22","modified_gmt":"2023-06-28T09:22:22","slug":"orkuskipti-a-vestfjordum-blami-leidir-vegferdina","status":"publish","type":"post","link":"https:\/\/graenaorkan.is\/?p=2395","title":{"rendered":"Orkuskipti \u00e1 Vestfj\u00f6r\u00f0um &#8211; Bl\u00e1mi lei\u00f0ir vegfer\u00f0ina"},"content":{"rendered":"\n<p>\u00cd n\u00fdjum \u00fe\u00e6tti af hla\u00f0varpi Samorku var r\u00e6tt vi\u00f0 \u00deorstein M\u00e1sson, framkv\u00e6mdastj\u00f3ra Bl\u00e1ma, um \u00e1vinning af orkuskiptum \u00ed samf\u00e9lagi Vestfjar\u00f0a, sem er algj\u00f6rlega h\u00e1\u00f0 jar\u00f0efnaeldsneyti.<\/p>\n\n\n<div class=\"wp-block-image\">\n<figure class=\"aligncenter size-full\"><a href=\"https:\/\/graenaorkan.is\/wp-content\/uploads\/2023\/06\/image-1.png\"><img decoding=\"async\" loading=\"lazy\" width=\"122\" height=\"122\" src=\"https:\/\/graenaorkan.is\/wp-content\/uploads\/2023\/06\/image-1.png\" alt=\"\" class=\"wp-image-2397\"\/><\/a><\/figure><\/div>\n\n\n<figure class=\"wp-block-embed is-type-rich is-provider-embed-handler wp-block-embed-embed-handler\"><div class=\"wp-block-embed__wrapper\">\n<!--[if lt IE 9]><script>document.createElement('audio');<\/script><![endif]-->\n<audio class=\"wp-audio-shortcode\" id=\"audio-2395-1\" preload=\"none\" style=\"width: 100%;\" controls=\"controls\"><source type=\"audio\/mpeg\" src=\"https:\/\/media.blubrry.com\/lifaedar_landsins\/content.blubrry.com\/lifaedar_landsins\/Blami_stafni_orkuskipta_fyrir_vestan.mp3?_=1\" \/><a href=\"https:\/\/media.blubrry.com\/lifaedar_landsins\/content.blubrry.com\/lifaedar_landsins\/Blami_stafni_orkuskipta_fyrir_vestan.mp3\">https:\/\/media.blubrry.com\/lifaedar_landsins\/content.blubrry.com\/lifaedar_landsins\/Blami_stafni_orkuskipta_fyrir_vestan.mp3<\/a><\/audio>\n<\/div><\/figure>\n","protected":false},"excerpt":{"rendered":"<p>\u00cd n\u00fdjum \u00fe\u00e6tti af hla\u00f0varpi Samorku var r\u00e6tt vi\u00f0 \u00deorstein M\u00e1sson, framkv\u00e6mdastj\u00f3ra Bl\u00e1ma, um \u00e1vinning af orkuskiptum \u00ed samf\u00e9lagi Vestfjar\u00f0a, sem er algj\u00f6rlega h\u00e1\u00f0 jar\u00f0efnaeldsneyti.<\/p>\n","protected":false},"author":5,"featured_media":0,"comment_status":"closed","ping_status":"closed","sticky":false,"template":"","format":"standard","meta":[],"categories":[23,24,4,19,18],"tags":[],"_links":{"self":[{"href":"https:\/\/graenaorkan.is\/index.php?rest_route=\/wp\/v2\/posts\/2395"}],"collection":[{"href":"https:\/\/graenaorkan.is\/index.php?rest_route=\/wp\/v2\/posts"}],"about":[{"href":"https:\/\/graenaorkan.is\/index.php?rest_route=\/wp\/v2\/types\/post"}],"author":[{"embeddable":true,"href":"https:\/\/graenaorkan.is\/index.php?rest_route=\/wp\/v2\/users\/5"}],"replies":[{"embeddable":true,"href":"https:\/\/graenaorkan.is\/index.php?rest_route=%2Fwp%2Fv2%2Fcomments&post=2395"}],"version-history":[{"count":3,"href":"https:\/\/graenaorkan.is\/index.php?rest_route=\/wp\/v2\/posts\/2395\/revisions"}],"predecessor-version":[{"id":2399,"href":"https:\/\/graenaorkan.is\/index.php?rest_route=\/wp\/v2\/posts\/2395\/revisions\/2399"}],"wp:attachment":[{"href":"https:\/\/graenaorkan.is\/index.php?rest_route=%2Fwp%2Fv2%2Fmedia&parent=2395"}],"wp:term":[{"taxonomy":"category","embeddable":true,"href":"https:\/\/graenaorkan.is\/index.php?rest_route=%2Fwp%2Fv2%2Fcategories&post=2395"},{"taxonomy":"post_tag","embeddable":true,"href":"https:\/\/graenaorkan.is\/index.php?rest_route=%2Fwp%2Fv2%2Ftags&post=2395"}],"curies":[{"name":"wp","href":"https:\/\/api.w.org\/{rel}","templated":true}]}}