{"id":2407,"date":"2023-08-17T10:00:23","date_gmt":"2023-08-17T10:00:23","guid":{"rendered":"https:\/\/graenaorkan.is\/?p=2407"},"modified":"2023-08-17T10:00:24","modified_gmt":"2023-08-17T10:00:24","slug":"tilnefningar-oskast-til-nyskopunarverdlauna-samorku-2023","status":"publish","type":"post","link":"https:\/\/graenaorkan.is\/?p=2407","title":{"rendered":"Tilnefningar \u00f3skast til N\u00fdsk\u00f6punarver\u00f0launa Samorku 2023!"},"content":{"rendered":"\n<figure class=\"wp-block-image size-large is-resized\"><a href=\"https:\/\/graenaorkan.is\/wp-content\/uploads\/2023\/08\/image-1.png\"><img decoding=\"async\" loading=\"lazy\" src=\"https:\/\/graenaorkan.is\/wp-content\/uploads\/2023\/08\/image-1-1024x576.png\" alt=\"\" class=\"wp-image-2408\" width=\"768\" height=\"432\" srcset=\"https:\/\/graenaorkan.is\/wp-content\/uploads\/2023\/08\/image-1-1024x576.png 1024w, https:\/\/graenaorkan.is\/wp-content\/uploads\/2023\/08\/image-1-300x169.png 300w, https:\/\/graenaorkan.is\/wp-content\/uploads\/2023\/08\/image-1-768x432.png 768w, https:\/\/graenaorkan.is\/wp-content\/uploads\/2023\/08\/image-1-355x200.png 355w, https:\/\/graenaorkan.is\/wp-content\/uploads\/2023\/08\/image-1-1536x864.png 1536w, https:\/\/graenaorkan.is\/wp-content\/uploads\/2023\/08\/image-1-500x281.png 500w, https:\/\/graenaorkan.is\/wp-content\/uploads\/2023\/08\/image-1.png 1921w\" sizes=\"(max-width: 768px) 100vw, 768px\" \/><\/a><\/figure>\n\n\n\n<p>Samorka \u00f3skar eftir tilnefningum til N\u00fdsk\u00f6punarver\u00f0launa Samorku, sem afhent ver\u00f0a \u00e1 s\u00e9rst\u00f6kum n\u00fdsk\u00f6punarvi\u00f0bur\u00f0i \u00ed haust og ver\u00f0ur dagsetning kynnt innan skamms. \u00deetta er \u00ed \u00feri\u00f0ja sinn sem ver\u00f0launin ver\u00f0a afhent.<\/p>\n\n\n\n<p>Samorka leitar a\u00f0 fram\u00farskarandi n\u00fdsk\u00f6punar- og sprotafyrirt\u00e6kjum sem byggja \u00e1:<\/p>\n\n\n\n<p>\ud83d\udca1 Orku- og\/e\u00f0a veitutengdum t\u00e6knilausnum e\u00f0a \u00fej\u00f3nustu vi\u00f0 orku- og veitufyrirt\u00e6ki<br>\ud83d\udca1 N\u00fdtingu orku, heits vatns, neysluvatns e\u00f0a fr\u00e1veitu og\/e\u00f0a annarra au\u00f0lindastrauma til n\u00fdsk\u00f6punar<\/p>\n\n\n\n<p>Tilnefningar sendist \u00e1 samorka@samorka.is fyrir <strong>20. \u00e1g\u00fast<\/strong>. Fari\u00f0 ver\u00f0ur me\u00f0 tilnefningarnar sem tr\u00fana\u00f0arm\u00e1l. <a href=\"https:\/\/samorka.is\/tilnefningar-oskast-til-nyskopunarverdlauna-samorku-2023\/\" target=\"_blank\" rel=\"noreferrer noopener\">Sj\u00e1 n\u00e1nar \u00e1 vef Samorku.<\/a><\/p>\n","protected":false},"excerpt":{"rendered":"<p>Samorka \u00f3skar eftir tilnefningum til N\u00fdsk\u00f6punarver\u00f0launa Samorku, sem afhent ver\u00f0a \u00e1 s\u00e9rst\u00f6kum n\u00fdsk\u00f6punarvi\u00f0bur\u00f0i \u00ed haust og ver\u00f0ur dagsetning kynnt innan skamms. \u00deetta er \u00ed \u00feri\u00f0ja sinn sem ver\u00f0launin ver\u00f0a afhent. Samorka leitar a\u00f0 fram\u00farskarandi n\u00fdsk\u00f6punar- og sprotafyrirt\u00e6kjum sem byggja \u00e1: &hellip; <a href=\"https:\/\/graenaorkan.is\/?p=2407\">Continue reading <span class=\"meta-nav\">&rarr;<\/span><\/a><\/p>\n","protected":false},"author":5,"featured_media":0,"comment_status":"closed","ping_status":"closed","sticky":false,"template":"","format":"standard","meta":[],"categories":[5,27],"tags":[],"_links":{"self":[{"href":"https:\/\/graenaorkan.is\/index.php?rest_route=\/wp\/v2\/posts\/2407"}],"collection":[{"href":"https:\/\/graenaorkan.is\/index.php?rest_route=\/wp\/v2\/posts"}],"about":[{"href":"https:\/\/graenaorkan.is\/index.php?rest_route=\/wp\/v2\/types\/post"}],"author":[{"embeddable":true,"href":"https:\/\/graenaorkan.is\/index.php?rest_route=\/wp\/v2\/users\/5"}],"replies":[{"embeddable":true,"href":"https:\/\/graenaorkan.is\/index.php?rest_route=%2Fwp%2Fv2%2Fcomments&post=2407"}],"version-history":[{"count":3,"href":"https:\/\/graenaorkan.is\/index.php?rest_route=\/wp\/v2\/posts\/2407\/revisions"}],"predecessor-version":[{"id":2411,"href":"https:\/\/graenaorkan.is\/index.php?rest_route=\/wp\/v2\/posts\/2407\/revisions\/2411"}],"wp:attachment":[{"href":"https:\/\/graenaorkan.is\/index.php?rest_route=%2Fwp%2Fv2%2Fmedia&parent=2407"}],"wp:term":[{"taxonomy":"category","embeddable":true,"href":"https:\/\/graenaorkan.is\/index.php?rest_route=%2Fwp%2Fv2%2Fcategories&post=2407"},{"taxonomy":"post_tag","embeddable":true,"href":"https:\/\/graenaorkan.is\/index.php?rest_route=%2Fwp%2Fv2%2Ftags&post=2407"}],"curies":[{"name":"wp","href":"https:\/\/api.w.org\/{rel}","templated":true}]}}