{"id":2447,"date":"2023-09-29T13:41:59","date_gmt":"2023-09-29T13:41:59","guid":{"rendered":"https:\/\/graenaorkan.is\/?p=2447"},"modified":"2023-09-29T13:41:59","modified_gmt":"2023-09-29T13:41:59","slug":"ny-skyrsla-um-stodu-kvenna-i-orku-og-veitugeiranum-synir-ad-litil-breyting-hefur-ordid-a-stodu-kynjajafnrettis-thegar-kemur-ad-akvordunar-og-ahrifavaldi","status":"publish","type":"post","link":"https:\/\/graenaorkan.is\/?p=2447","title":{"rendered":"N\u00fd sk\u00fdrsla um st\u00f6\u00f0u kvenna \u00ed orku- og veitugeiranum\u00a0s\u00fdnir a\u00f0\u00a0l\u00edtil breyting hefur or\u00f0i\u00f0 \u00e1 st\u00f6\u00f0u kynjajafnr\u00e9ttis \u00feegar kemur a\u00f0 \u00e1kv\u00f6r\u00f0unar- og \u00e1hrifavaldi"},"content":{"rendered":"\n<figure class=\"wp-block-image size-large\"><a href=\"https:\/\/graenaorkan.is\/wp-content\/uploads\/2023\/09\/image-1.png\"><img decoding=\"async\" loading=\"lazy\" width=\"1024\" height=\"400\" src=\"https:\/\/graenaorkan.is\/wp-content\/uploads\/2023\/09\/image-1-1024x400.png\" alt=\"\" class=\"wp-image-2448\" srcset=\"https:\/\/graenaorkan.is\/wp-content\/uploads\/2023\/09\/image-1-1024x400.png 1024w, https:\/\/graenaorkan.is\/wp-content\/uploads\/2023\/09\/image-1-300x117.png 300w, https:\/\/graenaorkan.is\/wp-content\/uploads\/2023\/09\/image-1-768x300.png 768w, https:\/\/graenaorkan.is\/wp-content\/uploads\/2023\/09\/image-1-420x164.png 420w, https:\/\/graenaorkan.is\/wp-content\/uploads\/2023\/09\/image-1-500x195.png 500w, https:\/\/graenaorkan.is\/wp-content\/uploads\/2023\/09\/image-1.png 1193w\" sizes=\"(max-width: 1024px) 100vw, 1024px\" \/><\/a><figcaption class=\"wp-element-caption\">Sta\u00f0a kvenna \u00ed orku- og veitugeiranum mi\u00f0a\u00f0 vi\u00f0 s\u00ed\u00f0ustu sk\u00fdrslu, sem kom \u00fat 2021<\/figcaption><\/figure>\n\n\n\n<p>\u00cd vikunni g\u00e1fu <em><a href=\"https:\/\/konuriorkumalum.is\/\" target=\"_blank\" rel=\"noreferrer noopener\">Konur \u00ed orkum\u00e1lum<\/a><\/em> \u00fat\u00a0<a rel=\"noreferrer noopener\" href=\"https:\/\/konuriorkumalum.is\/wp-content\/uploads\/2023\/09\/Stada-kvenna-i-orku-og-veitugeiranum-2023-fjorda-skyrsla-KIO.pdf\" target=\"_blank\">fj\u00f3r\u00f0u sk\u00fdrsluna<\/a>\u00a0um \u00e1hrifa- og \u00e1kv\u00f6r\u00f0unarvald kvenna \u00ed 12 st\u00e6rstu orku- og veitufyrirt\u00e6kjum \u00e1 \u00cdslandi. Sk\u00fdrslan er gefin \u00fat anna\u00f0 hvert \u00e1r \u00ed samstarfi vi\u00f0 EY og kom fyrst \u00fat \u00e1ri\u00f0 2017.<\/p>\n\n\n\n<p><strong>Helstu ni\u00f0urst\u00f6\u00f0ur sk\u00fdrslunnar 2023<\/strong><\/p>\n\n\n\n<ul>\n<li>\u00c1kv\u00f6r\u00f0unarvald og \u00e1byrg\u00f0 kvenna hefur fari\u00f0 \u00far 36 pr\u00f3sentustigum ni\u00f0ur \u00ed 32%<\/li>\n\n\n\n<li>Enn\u00fe\u00e1 gegnir a\u00f0eins ein kona st\u00f6\u00f0u \u00e6\u00f0sta stj\u00f3rnanda \u00ed \u00feessum 12 fyrirt\u00e6kjum \u00fartaksins<\/li>\n\n\n\n<li>Fr\u00e1 s\u00ed\u00f0ustu \u00fatg\u00e1fu hafa fimm n\u00fdir forstj\u00f3rar veri\u00f0 r\u00e1\u00f0nir, fj\u00f3rir karlar en einungis ein kona<\/li>\n\n\n\n<li>T\u00e6kif\u00e6ri voru til a\u00f0 r\u00e1\u00f0a fleiri konur \u00ed framkv\u00e6mdastj\u00f3rn \u00e1 s\u00ed\u00f0ustu 2 \u00e1rum en \u00ed sta\u00f0inn l\u00e6kka\u00f0i hlutfall kvenna<\/li>\n\n\n\n<li>Kvenkyns stj\u00f3rnarform\u00f6nnum hefur f\u00e6kka\u00f0 um 25%, eru n\u00fa a\u00f0eins \u00feri\u00f0jungur<\/li>\n\n\n\n<li>Enginn kvenkyns framkv\u00e6mdastj\u00f3ri yfir 60 \u00e1r<\/li>\n\n\n\n<li>Tv\u00f6falt fleiri kvk en kk framkv\u00e6mdastj\u00f3rar \u00e1 aldursbilinu 30-44 \u00e1ra<\/li>\n\n\n\n<li>V\u00edsbendingar um a\u00f0 forveri s\u00e9 vi\u00f0mi\u00f0 \u00ed r\u00e1\u00f0ningum<\/li>\n<\/ul>\n\n\n\n<p><a href=\"https:\/\/konuriorkumalum.is\/2023\/09\/27\/stada-kvenna-i-orku-og-veitugeiranum-2023\/\" target=\"_blank\" rel=\"noreferrer noopener\">Sj\u00e1 n\u00e1nar h\u00e9r.<\/a><\/p>\n","protected":false},"excerpt":{"rendered":"<p>\u00cd vikunni g\u00e1fu Konur \u00ed orkum\u00e1lum \u00fat\u00a0fj\u00f3r\u00f0u sk\u00fdrsluna\u00a0um \u00e1hrifa- og \u00e1kv\u00f6r\u00f0unarvald kvenna \u00ed 12 st\u00e6rstu orku- og veitufyrirt\u00e6kjum \u00e1 \u00cdslandi. Sk\u00fdrslan er gefin \u00fat anna\u00f0 hvert \u00e1r \u00ed samstarfi vi\u00f0 EY og kom fyrst \u00fat \u00e1ri\u00f0 2017. Helstu ni\u00f0urst\u00f6\u00f0ur sk\u00fdrslunnar &hellip; <a href=\"https:\/\/graenaorkan.is\/?p=2447\">Continue reading <span class=\"meta-nav\">&rarr;<\/span><\/a><\/p>\n","protected":false},"author":5,"featured_media":0,"comment_status":"closed","ping_status":"closed","sticky":false,"template":"","format":"standard","meta":[],"categories":[5,21],"tags":[],"_links":{"self":[{"href":"https:\/\/graenaorkan.is\/index.php?rest_route=\/wp\/v2\/posts\/2447"}],"collection":[{"href":"https:\/\/graenaorkan.is\/index.php?rest_route=\/wp\/v2\/posts"}],"about":[{"href":"https:\/\/graenaorkan.is\/index.php?rest_route=\/wp\/v2\/types\/post"}],"author":[{"embeddable":true,"href":"https:\/\/graenaorkan.is\/index.php?rest_route=\/wp\/v2\/users\/5"}],"replies":[{"embeddable":true,"href":"https:\/\/graenaorkan.is\/index.php?rest_route=%2Fwp%2Fv2%2Fcomments&post=2447"}],"version-history":[{"count":1,"href":"https:\/\/graenaorkan.is\/index.php?rest_route=\/wp\/v2\/posts\/2447\/revisions"}],"predecessor-version":[{"id":2449,"href":"https:\/\/graenaorkan.is\/index.php?rest_route=\/wp\/v2\/posts\/2447\/revisions\/2449"}],"wp:attachment":[{"href":"https:\/\/graenaorkan.is\/index.php?rest_route=%2Fwp%2Fv2%2Fmedia&parent=2447"}],"wp:term":[{"taxonomy":"category","embeddable":true,"href":"https:\/\/graenaorkan.is\/index.php?rest_route=%2Fwp%2Fv2%2Fcategories&post=2447"},{"taxonomy":"post_tag","embeddable":true,"href":"https:\/\/graenaorkan.is\/index.php?rest_route=%2Fwp%2Fv2%2Ftags&post=2447"}],"curies":[{"name":"wp","href":"https:\/\/api.w.org\/{rel}","templated":true}]}}