{"id":2497,"date":"2024-02-12T11:50:51","date_gmt":"2024-02-12T11:50:51","guid":{"rendered":"https:\/\/graenaorkan.is\/?p=2497"},"modified":"2024-02-12T11:50:51","modified_gmt":"2024-02-12T11:50:51","slug":"n1-og-tesla-i-samstarf-um-hledslustodvar","status":"publish","type":"post","link":"https:\/\/graenaorkan.is\/?p=2497","title":{"rendered":"N1 og Tesla \u00ed samstarf\u00a0um hle\u00f0slust\u00f6\u00f0var"},"content":{"rendered":"\n<p><\/p>\n\n\n\n<figure class=\"wp-block-image size-large\"><a href=\"https:\/\/graenaorkan.is\/wp-content\/uploads\/2024\/02\/image-1.png\"><img decoding=\"async\" loading=\"lazy\" width=\"1024\" height=\"682\" src=\"https:\/\/graenaorkan.is\/wp-content\/uploads\/2024\/02\/image-1-1024x682.png\" alt=\"\" class=\"wp-image-2501\" srcset=\"https:\/\/graenaorkan.is\/wp-content\/uploads\/2024\/02\/image-1-1024x682.png 1024w, https:\/\/graenaorkan.is\/wp-content\/uploads\/2024\/02\/image-1-300x200.png 300w, https:\/\/graenaorkan.is\/wp-content\/uploads\/2024\/02\/image-1-768x511.png 768w, https:\/\/graenaorkan.is\/wp-content\/uploads\/2024\/02\/image-1-301x200.png 301w, https:\/\/graenaorkan.is\/wp-content\/uploads\/2024\/02\/image-1-1536x1022.png 1536w, https:\/\/graenaorkan.is\/wp-content\/uploads\/2024\/02\/image-1-2048x1363.png 2048w, https:\/\/graenaorkan.is\/wp-content\/uploads\/2024\/02\/image-1-451x300.png 451w\" sizes=\"(max-width: 1024px) 100vw, 1024px\" \/><\/a><\/figure>\n\n\n\n<p>N1 og Tesla \u00e1 \u00edslandi hafa undirrita\u00f0 rammasamning sem felur \u00ed s\u00e9r \u00e1form um uppbyggingu hra\u00f0hle\u00f0slust\u00f6\u00f0va vi\u00f0 \u00fej\u00f3nustust\u00f6\u00f0var N1 v\u00ed\u00f0s vegar um landi\u00f0.<\/p>\n\n\n\n<p>\u00de\u00e1 mun N1 setja upp n\u00edu n\u00fdja hra\u00f0hle\u00f0slug\u00adar\u00f0a inn\u00adan tveggja \u00e1ra. Sam\u00adtals eru \u00fev\u00ed \u00e1form um n\u00edtj\u00ad\u00e1n n\u00fdja hra\u00f0hle\u00f0slug\u00adar\u00f0a og mun hra\u00f0hle\u00f0slu\u00adst\u00e6\u00f0um vi\u00f0 \u00fej\u00f3n\u00adustu\u00adst\u00f6\u00f0var N1 fj\u00f6lga um meira en 150 \u00e1 \u00feessu t\u00edma\u00adbili,\u201c seg\u00adir enn\u00adfrem\u00adur \u00ed til\u00adkynn\u00ading\u00adu fr\u00e1 N1.<\/p>\n\n\n\n<p><a href=\"https:\/\/www.mbl.is\/frettir\/innlent\/2024\/02\/12\/yfir_150_ny_hradhledslustaedi_innan_tveggja_ara\/\" target=\"_blank\" rel=\"noreferrer noopener\">Sj\u00e1 n\u00e1nar \u00ed fr\u00e9tt mbl.is.<\/a><\/p>\n","protected":false},"excerpt":{"rendered":"<p>N1 og Tesla \u00e1 \u00edslandi hafa undirrita\u00f0 rammasamning sem felur \u00ed s\u00e9r \u00e1form um uppbyggingu hra\u00f0hle\u00f0slust\u00f6\u00f0va vi\u00f0 \u00fej\u00f3nustust\u00f6\u00f0var N1 v\u00ed\u00f0s vegar um landi\u00f0. \u00de\u00e1 mun N1 setja upp n\u00edu n\u00fdja hra\u00f0hle\u00f0slug\u00adar\u00f0a inn\u00adan tveggja \u00e1ra. Sam\u00adtals eru \u00fev\u00ed \u00e1form um n\u00edtj\u00ad\u00e1n &hellip; <a href=\"https:\/\/graenaorkan.is\/?p=2497\">Continue reading <span class=\"meta-nav\">&rarr;<\/span><\/a><\/p>\n","protected":false},"author":5,"featured_media":0,"comment_status":"closed","ping_status":"closed","sticky":false,"template":"","format":"standard","meta":[],"categories":[3,17,10,18],"tags":[],"_links":{"self":[{"href":"https:\/\/graenaorkan.is\/index.php?rest_route=\/wp\/v2\/posts\/2497"}],"collection":[{"href":"https:\/\/graenaorkan.is\/index.php?rest_route=\/wp\/v2\/posts"}],"about":[{"href":"https:\/\/graenaorkan.is\/index.php?rest_route=\/wp\/v2\/types\/post"}],"author":[{"embeddable":true,"href":"https:\/\/graenaorkan.is\/index.php?rest_route=\/wp\/v2\/users\/5"}],"replies":[{"embeddable":true,"href":"https:\/\/graenaorkan.is\/index.php?rest_route=%2Fwp%2Fv2%2Fcomments&post=2497"}],"version-history":[{"count":3,"href":"https:\/\/graenaorkan.is\/index.php?rest_route=\/wp\/v2\/posts\/2497\/revisions"}],"predecessor-version":[{"id":2502,"href":"https:\/\/graenaorkan.is\/index.php?rest_route=\/wp\/v2\/posts\/2497\/revisions\/2502"}],"wp:attachment":[{"href":"https:\/\/graenaorkan.is\/index.php?rest_route=%2Fwp%2Fv2%2Fmedia&parent=2497"}],"wp:term":[{"taxonomy":"category","embeddable":true,"href":"https:\/\/graenaorkan.is\/index.php?rest_route=%2Fwp%2Fv2%2Fcategories&post=2497"},{"taxonomy":"post_tag","embeddable":true,"href":"https:\/\/graenaorkan.is\/index.php?rest_route=%2Fwp%2Fv2%2Ftags&post=2497"}],"curies":[{"name":"wp","href":"https:\/\/api.w.org\/{rel}","templated":true}]}}