{"id":2522,"date":"2024-04-09T14:21:40","date_gmt":"2024-04-09T14:21:40","guid":{"rendered":"https:\/\/graenaorkan.is\/?p=2522"},"modified":"2024-05-03T13:42:13","modified_gmt":"2024-05-03T13:42:13","slug":"adalfundarbod-2024","status":"publish","type":"post","link":"https:\/\/graenaorkan.is\/?p=2522","title":{"rendered":"A\u00f0alfundur Gr\u00e6nu orkunnar 2024"},"content":{"rendered":"\n<figure class=\"wp-block-image size-large\"><a href=\"https:\/\/graenaorkan.is\/wp-content\/uploads\/2024\/03\/Graena-orkan-Adalfundur-Webinar-Facebook-Cover.png\"><img decoding=\"async\" loading=\"lazy\" width=\"1024\" height=\"577\" src=\"https:\/\/graenaorkan.is\/wp-content\/uploads\/2024\/03\/Graena-orkan-Adalfundur-Webinar-Facebook-Cover-1024x577.png\" alt=\"\" class=\"wp-image-2514\" srcset=\"https:\/\/graenaorkan.is\/wp-content\/uploads\/2024\/03\/Graena-orkan-Adalfundur-Webinar-Facebook-Cover-1024x577.png 1024w, https:\/\/graenaorkan.is\/wp-content\/uploads\/2024\/03\/Graena-orkan-Adalfundur-Webinar-Facebook-Cover-300x169.png 300w, https:\/\/graenaorkan.is\/wp-content\/uploads\/2024\/03\/Graena-orkan-Adalfundur-Webinar-Facebook-Cover-768x433.png 768w, https:\/\/graenaorkan.is\/wp-content\/uploads\/2024\/03\/Graena-orkan-Adalfundur-Webinar-Facebook-Cover-355x200.png 355w, https:\/\/graenaorkan.is\/wp-content\/uploads\/2024\/03\/Graena-orkan-Adalfundur-Webinar-Facebook-Cover-1536x865.png 1536w, https:\/\/graenaorkan.is\/wp-content\/uploads\/2024\/03\/Graena-orkan-Adalfundur-Webinar-Facebook-Cover-500x282.png 500w, https:\/\/graenaorkan.is\/wp-content\/uploads\/2024\/03\/Graena-orkan-Adalfundur-Webinar-Facebook-Cover.png 1640w\" sizes=\"(max-width: 1024px) 100vw, 1024px\" \/><\/a><\/figure>\n\n\n\n<p><strong><mark style=\"background-color:rgba(0, 0, 0, 0)\" class=\"has-inline-color has-black-color\">A\u00f0alfundur Gr\u00e6nu orkunnar, Samstarfsvettvangs um orkuskipti, f\u00f3r fram \u00feri\u00f0judaginn 30. apr\u00edl 2024 13:00-15:00 \u00ed H\u00fasi atvinnul\u00edfsins, Borgart\u00fani 35<\/mark><\/strong><\/p>\n\n\n\n<p>Dagskr\u00e1 a\u00f0alfundar ver\u00f0ur sem h\u00e9r segir og samkv\u00e6mt sam\u00feykktum:<\/p>\n\n\n\n<ol type=\"1\">\n<li>Kosning fundarstj\u00f3ra og fundarritara<\/li>\n\n\n\n<li>Sk\u00fdrsla stj\u00f3rnar l\u00f6g\u00f0 fram<\/li>\n\n\n\n<li>Reikningar lag\u00f0ir fram til sam\u00feykktar<\/li>\n\n\n\n<li>Breytingar \u00e1 sam\u00feykktum<\/li>\n\n\n\n<li>\u00c1kv\u00f6r\u00f0un \u00e1rgjalds<\/li>\n\n\n\n<li>Kosning stj\u00f3rnar<\/li>\n\n\n\n<li>\u00d6nnur m\u00e1l<\/li>\n<\/ol>\n\n\n\n<p>Allir f\u00e9lagsmenn mega sitja a\u00f0alfund og einungis er eitt atkv\u00e6\u00f0i \u00e1 hvert a\u00f0ildarfyrirt\u00e6ki e\u00f0a -stofnun. F\u00e9lagar teljast \u00feeir sem grei\u00f0a f\u00e9lagsgjald og \u00feeir einir hafa atkv\u00e6\u00f0ar\u00e9tt \u00e1 a\u00f0alfundi. <\/p>\n\n\n\n<p>H\u00e6gt er a\u00f0 <a href=\"https:\/\/acrobat.adobe.com\/id\/urn:aaid:sc:EU:08229061-fbc4-4387-9cf1-07d27e76f60f\" target=\"_blank\" rel=\"noreferrer noopener\">n\u00e1lgast \u00e1rssk\u00fdrslu f\u00e9lagsins h\u00e9r.<\/a><\/p>\n\n\n\n<p>\u00cd kj\u00f6lfar stefnum\u00f3tunarvinnu \u00e1 undanf\u00f6rnu starfs\u00e1ri leggur stj\u00f3rn til all nokkrar breytingar \u00e1 sam\u00feykktum f\u00e9lagsins sem endurspegla breytta st\u00f6\u00f0u \u00ed orkuskiptum en einnig markmi\u00f0 stj\u00f3rnvalda. Sj\u00e1 \u00ed skjali h\u00e9r ne\u00f0ar:<\/p>\n\n\n\n<div class=\"wp-block-file\"><object class=\"wp-block-file__embed\" data=\"https:\/\/graenaorkan.is\/wp-content\/uploads\/2024\/04\/Breytingatillogur-a-samthykktum-Adalfundur-Graenu-orkunnar-2024-1.pdf\" type=\"application\/pdf\" style=\"width:100%;height:410px\" aria-label=\"Embed of Breytingatillogur-a-samthykktum-Adalfundur-Graenu-orkunnar-2024-1.\"><\/object><a id=\"wp-block-file--media-d2059982-af7e-40f6-9068-599c2a917bc4\" href=\"https:\/\/graenaorkan.is\/wp-content\/uploads\/2024\/04\/Breytingatillogur-a-samthykktum-Adalfundur-Graenu-orkunnar-2024-1.pdf\">Breytingatillogur-a-samthykktum-Adalfundur-Graenu-orkunnar-2024-1<\/a><a href=\"https:\/\/graenaorkan.is\/wp-content\/uploads\/2024\/04\/Breytingatillogur-a-samthykktum-Adalfundur-Graenu-orkunnar-2024-1.pdf\" class=\"wp-block-file__button wp-element-button\" download aria-describedby=\"wp-block-file--media-d2059982-af7e-40f6-9068-599c2a917bc4\">Download<\/a><\/div>\n\n\n\n<p>Mar\u00eda J\u00f3na, framkv\u00e6mdastj\u00f3ri B\u00edlgreinasambandsins, h\u00e9lt erindi \u00ed lok a\u00f0alfundar. Gl\u00e6rur hennar m\u00e1 sko\u00f0a h\u00e9r:<\/p>\n\n\n\n<div class=\"wp-block-file\"><object class=\"wp-block-file__embed\" data=\"https:\/\/graenaorkan.is\/wp-content\/uploads\/2024\/05\/Bilgreinasambandid-stada-orkuskipta-april-2024.pdf\" type=\"application\/pdf\" style=\"width:100%;height:400px\" aria-label=\"Embed of Bilgreinasambandid-stada-orkuskipta-april-2024.\"><\/object><a id=\"wp-block-file--media-2a39ed08-720e-4dd8-b844-865d5025e266\" href=\"https:\/\/graenaorkan.is\/wp-content\/uploads\/2024\/05\/Bilgreinasambandid-stada-orkuskipta-april-2024.pdf\">Bilgreinasambandid-stada-orkuskipta-april-2024<\/a><a href=\"https:\/\/graenaorkan.is\/wp-content\/uploads\/2024\/05\/Bilgreinasambandid-stada-orkuskipta-april-2024.pdf\" class=\"wp-block-file__button wp-element-button\" download aria-describedby=\"wp-block-file--media-2a39ed08-720e-4dd8-b844-865d5025e266\">Download<\/a><\/div>\n","protected":false},"excerpt":{"rendered":"<p>A\u00f0alfundur Gr\u00e6nu orkunnar, Samstarfsvettvangs um orkuskipti, f\u00f3r fram \u00feri\u00f0judaginn 30. apr\u00edl 2024 13:00-15:00 \u00ed H\u00fasi atvinnul\u00edfsins, Borgart\u00fani 35 Dagskr\u00e1 a\u00f0alfundar ver\u00f0ur sem h\u00e9r segir og samkv\u00e6mt sam\u00feykktum: Allir f\u00e9lagsmenn mega sitja a\u00f0alfund og einungis er eitt atkv\u00e6\u00f0i \u00e1 hvert a\u00f0ildarfyrirt\u00e6ki &hellip; <a href=\"https:\/\/graenaorkan.is\/?p=2522\">Continue reading <span class=\"meta-nav\">&rarr;<\/span><\/a><\/p>\n","protected":false},"author":5,"featured_media":0,"comment_status":"closed","ping_status":"closed","sticky":false,"template":"","format":"standard","meta":[],"categories":[3,5,20],"tags":[40,39,41],"_links":{"self":[{"href":"https:\/\/graenaorkan.is\/index.php?rest_route=\/wp\/v2\/posts\/2522"}],"collection":[{"href":"https:\/\/graenaorkan.is\/index.php?rest_route=\/wp\/v2\/posts"}],"about":[{"href":"https:\/\/graenaorkan.is\/index.php?rest_route=\/wp\/v2\/types\/post"}],"author":[{"embeddable":true,"href":"https:\/\/graenaorkan.is\/index.php?rest_route=\/wp\/v2\/users\/5"}],"replies":[{"embeddable":true,"href":"https:\/\/graenaorkan.is\/index.php?rest_route=%2Fwp%2Fv2%2Fcomments&post=2522"}],"version-history":[{"count":12,"href":"https:\/\/graenaorkan.is\/index.php?rest_route=\/wp\/v2\/posts\/2522\/revisions"}],"predecessor-version":[{"id":2548,"href":"https:\/\/graenaorkan.is\/index.php?rest_route=\/wp\/v2\/posts\/2522\/revisions\/2548"}],"wp:attachment":[{"href":"https:\/\/graenaorkan.is\/index.php?rest_route=%2Fwp%2Fv2%2Fmedia&parent=2522"}],"wp:term":[{"taxonomy":"category","embeddable":true,"href":"https:\/\/graenaorkan.is\/index.php?rest_route=%2Fwp%2Fv2%2Fcategories&post=2522"},{"taxonomy":"post_tag","embeddable":true,"href":"https:\/\/graenaorkan.is\/index.php?rest_route=%2Fwp%2Fv2%2Ftags&post=2522"}],"curies":[{"name":"wp","href":"https:\/\/api.w.org\/{rel}","templated":true}]}}