{"id":2570,"date":"2025-03-24T10:34:28","date_gmt":"2025-03-24T10:34:28","guid":{"rendered":"https:\/\/graenaorkan.is\/?p=2570"},"modified":"2025-05-13T09:42:57","modified_gmt":"2025-05-13T09:42:57","slug":"adalfundur-2025","status":"publish","type":"post","link":"https:\/\/graenaorkan.is\/?p=2570","title":{"rendered":"A\u00f0alfundur 2025"},"content":{"rendered":"\n<h2 class=\"wp-block-heading has-white-color has-text-color has-background has-medium-font-size\" style=\"background:linear-gradient(135deg,rgb(27,117,187) 0%,rgb(140,197,61) 100%);font-style:normal;font-weight:700\">Hva\u00f0 eru\u00f0 \u00fei\u00f0 a\u00f0 gera \u00ed orkuskiptum? \u2013 Seg\u00f0u okkur fr\u00e1<\/h2>\n\n\n\n<figure class=\"wp-block-image size-large\"><a href=\"https:\/\/graenaorkan.is\/wp-content\/uploads\/2025\/03\/2025-Adalfund-takid-daginn-fra.png\"><img decoding=\"async\" loading=\"lazy\" width=\"1024\" height=\"1024\" src=\"https:\/\/graenaorkan.is\/wp-content\/uploads\/2025\/03\/2025-Adalfund-takid-daginn-fra-1024x1024.png\" alt=\"\" class=\"wp-image-2571\" srcset=\"https:\/\/graenaorkan.is\/wp-content\/uploads\/2025\/03\/2025-Adalfund-takid-daginn-fra-1024x1024.png 1024w, https:\/\/graenaorkan.is\/wp-content\/uploads\/2025\/03\/2025-Adalfund-takid-daginn-fra-300x300.png 300w, https:\/\/graenaorkan.is\/wp-content\/uploads\/2025\/03\/2025-Adalfund-takid-daginn-fra-150x150.png 150w, https:\/\/graenaorkan.is\/wp-content\/uploads\/2025\/03\/2025-Adalfund-takid-daginn-fra-768x768.png 768w, https:\/\/graenaorkan.is\/wp-content\/uploads\/2025\/03\/2025-Adalfund-takid-daginn-fra-200x200.png 200w, https:\/\/graenaorkan.is\/wp-content\/uploads\/2025\/03\/2025-Adalfund-takid-daginn-fra-1536x1536.png 1536w, https:\/\/graenaorkan.is\/wp-content\/uploads\/2025\/03\/2025-Adalfund-takid-daginn-fra.png 1654w\" sizes=\"(max-width: 1024px) 100vw, 1024px\" \/><\/a><\/figure>\n\n\n\n<p>\u00cd tengslum vi\u00f0 A\u00f0alfund Gr\u00e6nu Orkunnar (Samstarfsvettvangs um orkuskipti) sem haldinn ver\u00f0ur 27. ma\u00ed kl. 14:00-16:30, \u00ed Borgart\u00fani 35 \u00e6tlum vi\u00f0 a\u00f0 halda vinnustofu um hva\u00f0 er a\u00f0 gerast \u00ed orkuskiptum \u00e1 \u00cdslandi.<\/p>\n\n\n\n<p>Vi\u00f0 viljum heyra fr\u00e1 \u00fe\u00e9r, me\u00f0limum Gr\u00e6nu Orkunnar, hva\u00f0 er a\u00f0 gerast. Markmi\u00f0i\u00f0 er a\u00f0 hafa \u00f6rfyrirlestraform, \u00fe.e. 8-10 m\u00edn erindi.<\/p>\n\n\n\n<p>L\u00e1ttu okkur vita ef \u00fe\u00fa vilt halda \u00f6rfyrirlestur um hva\u00f0 \u00feitt fyrirt\u00e6ki er a\u00f0 gera \u00ed orkuskiptum, <a href=\"mailto:ribes@newenergy.is\">ribes@newenergy.is<\/a>.<\/p>\n\n\n\n<p>Vi\u00f0bur\u00f0urinn ver\u00f0ur opinn \u00f6llum og \u00ed streymi, \u00feannig a\u00f0 allir geti haldi\u00f0 erindi og\/e\u00f0a hlusta\u00f0 hvar \u00e1 landi sem er.<\/p>\n\n\n\n<p>Gert er r\u00e1\u00f0 fyrir a\u00f0 hef\u00f0bundin a\u00f0alfundarst\u00f6rf taki 15-30 m\u00edn og a\u00f0 vinnustofan hefjist \u00ed kj\u00f6lfari\u00f0, e\u00f0a um 14:30.&nbsp;<\/p>\n\n\n\n<p>N\u00e1nar um a\u00f0alfundarst\u00f6rf s\u00ed\u00f0ar.<\/p>\n\n\n\n<h2 class=\"wp-block-heading has-white-color has-text-color has-background has-medium-font-size\" style=\"background:linear-gradient(135deg,rgb(27,117,187) 0%,rgb(140,197,61) 100%);font-style:normal;font-weight:700\">\u00cd bo\u00f0i eru tv\u00f6 stj\u00f3rnars\u00e6ti og 2 s\u00e6ti varmanna.<\/h2>\n\n\n\n<p>\u00cd \u00f6\u00f0ru stj\u00f3rnars\u00e6tinu situr Gu\u00f0mundur Ingi fr\u00e1 Bl\u00e6 og hann gefur \u00e1fram kost \u00e1 s\u00e9r til stj\u00f3rnarsetu.<\/p>\n\n\n\n<p>Vi\u00f0 \u00f3skum eftir frambo\u00f0um til stj\u00f3rnarsetu.<\/p>\n","protected":false},"excerpt":{"rendered":"<p>Hva\u00f0 eru\u00f0 \u00fei\u00f0 a\u00f0 gera \u00ed orkuskiptum? \u2013 Seg\u00f0u okkur fr\u00e1 \u00cd tengslum vi\u00f0 A\u00f0alfund Gr\u00e6nu Orkunnar (Samstarfsvettvangs um orkuskipti) sem haldinn ver\u00f0ur 27. ma\u00ed kl. 14:00-16:30, \u00ed Borgart\u00fani 35 \u00e6tlum vi\u00f0 a\u00f0 halda vinnustofu um hva\u00f0 er a\u00f0 gerast &hellip; <a href=\"https:\/\/graenaorkan.is\/?p=2570\">Continue reading <span class=\"meta-nav\">&rarr;<\/span><\/a><\/p>\n","protected":false},"author":6,"featured_media":0,"comment_status":"closed","ping_status":"closed","sticky":false,"template":"","format":"standard","meta":[],"categories":[5],"tags":[],"_links":{"self":[{"href":"https:\/\/graenaorkan.is\/index.php?rest_route=\/wp\/v2\/posts\/2570"}],"collection":[{"href":"https:\/\/graenaorkan.is\/index.php?rest_route=\/wp\/v2\/posts"}],"about":[{"href":"https:\/\/graenaorkan.is\/index.php?rest_route=\/wp\/v2\/types\/post"}],"author":[{"embeddable":true,"href":"https:\/\/graenaorkan.is\/index.php?rest_route=\/wp\/v2\/users\/6"}],"replies":[{"embeddable":true,"href":"https:\/\/graenaorkan.is\/index.php?rest_route=%2Fwp%2Fv2%2Fcomments&post=2570"}],"version-history":[{"count":13,"href":"https:\/\/graenaorkan.is\/index.php?rest_route=\/wp\/v2\/posts\/2570\/revisions"}],"predecessor-version":[{"id":2592,"href":"https:\/\/graenaorkan.is\/index.php?rest_route=\/wp\/v2\/posts\/2570\/revisions\/2592"}],"wp:attachment":[{"href":"https:\/\/graenaorkan.is\/index.php?rest_route=%2Fwp%2Fv2%2Fmedia&parent=2570"}],"wp:term":[{"taxonomy":"category","embeddable":true,"href":"https:\/\/graenaorkan.is\/index.php?rest_route=%2Fwp%2Fv2%2Fcategories&post=2570"},{"taxonomy":"post_tag","embeddable":true,"href":"https:\/\/graenaorkan.is\/index.php?rest_route=%2Fwp%2Fv2%2Ftags&post=2570"}],"curies":[{"name":"wp","href":"https:\/\/api.w.org\/{rel}","templated":true}]}}