{"id":298,"date":"2011-11-22T14:03:59","date_gmt":"2011-11-22T14:03:59","guid":{"rendered":"http:\/\/graenaorkan.is\/?p=298"},"modified":"2011-11-23T09:14:29","modified_gmt":"2011-11-23T09:14:29","slug":"svona-naum-vid-markmidunum","status":"publish","type":"post","link":"https:\/\/graenaorkan.is\/?p=298","title":{"rendered":"Svona n\u00e1um vi\u00f0 markmi\u00f0unum!"},"content":{"rendered":"<p><a href=\"https:\/\/graenaorkan.is\/wp-content\/uploads\/2011\/11\/Nefnd-Gr\u00e6nu-orkunnar.jpg\"><img decoding=\"async\" loading=\"lazy\" class=\"alignnone size-medium wp-image-303\" title=\"Verkefnisstj\u00f3rnin \u00e1samt verkefnisstj\u00f3ra og me\u00f0hj\u00e1lpara:\" src=\"https:\/\/graenaorkan.is\/wp-content\/uploads\/2011\/11\/Nefnd-Gr\u00e6nu-orkunnar-300x210.jpg\" alt=\"\" width=\"300\" height=\"210\" srcset=\"https:\/\/graenaorkan.is\/wp-content\/uploads\/2011\/11\/Nefnd-Gr\u00e6nu-orkunnar-300x210.jpg 300w, https:\/\/graenaorkan.is\/wp-content\/uploads\/2011\/11\/Nefnd-Gr\u00e6nu-orkunnar-284x200.jpg 284w, https:\/\/graenaorkan.is\/wp-content\/uploads\/2011\/11\/Nefnd-Gr\u00e6nu-orkunnar.jpg 1024w\" sizes=\"(max-width: 300px) 100vw, 300px\" \/><\/a><\/p>\n<p>Verkefnisstj\u00f3rn Gr\u00e6nu orkunnar afhenti \u00ed dag sk\u00fdrslu um \u00fea\u00f0 hvernig best ver\u00f0i sta\u00f0i\u00f0 a\u00f0 orkuskiptum \u00ed samg\u00f6ngum. Stj\u00f3rnv\u00f6ld hafa sett s\u00e9r \u00fea\u00f0 markmi\u00f0 a\u00f0 \u00e1ri\u00f0 2020 komi 10% \u00feeirrar orku sem notu\u00f0 er \u00ed samg\u00f6ngut\u00e6kjum fr\u00e1\u00a0endurn\u00fdjanlegum orkugj\u00f6fum. \u00deetta er metna\u00f0arfullt markmi\u00f0 \u00ed lj\u00f3si \u00feess a\u00f0 hlutfall vistv\u00e6nna \u00f6kut\u00e6kja \u00ed dag er a\u00f0eins 0,35%.<\/p>\n<p>\u00cd sk\u00fdrslu Gr\u00e6nu orkunnar er m.a. sett fram t\u00edmasett a\u00f0ger\u00f0a\u00e1\u00e6tlun me\u00f0 skilgreindum \u00e1byrg\u00f0ara\u00f0ilum og \u00e1rangursm\u00e6likv\u00f6r\u00f0um.\u00a0 A\u00f0ger\u00f0irnar spanna allan feril orkuskipta; fr\u00e1 framlei\u00f0slu, \u00ed gegnum dreifingu um innvi\u00f0i og til\u00a0 endanotanda. \u00cd sk\u00fdrslunni er greining \u00e1 n\u00faverandi laga- og skattaumhverfi og\u00a0 settar fram \u00a0till\u00f6gur \u00ed skattam\u00e1lum sem eiga a\u00f0 hvetja til orkuskipta.<\/p>\n<p>\u00cd sk\u00fdrslunni er fjalla\u00f0 um mikiv\u00e6gi aukinnar samvinnu \u00feeirra sem koma a\u00f0 \u00fer\u00f3unarverkefnum \u00e1 \u00feessu svi\u00f0i og \u00e1hersla l\u00f6g\u00f0 \u00e1 a\u00f0 hi\u00f0 opinbera s\u00fdni gott ford\u00e6mi, t.d. me\u00f0 \u00fev\u00ed a\u00f0 setja fram stefnu um innkaup sem sty\u00f0ur vi\u00f0 orkuskipti. Jafnframt er sk\u00fdrslan uppl\u00fdsingabrunnur um endurn\u00fdjanlega orkugjafa, skuldbindingar\u00a0 \u00cdslands \u00e1 al\u00fej\u00f3\u00f0avettvangi og stefnum\u00f6rkun stj\u00f3rnvalda \u00e1 undangengnum \u00e1rum.<\/p>\n<p>A\u00f0 mati Gr\u00e6nu orkunnar eru \u00fdmis lj\u00f3n \u00e1 veginum sem m\u00f6gulega geta h\u00e6gt \u00e1 orkuskiptum og m\u00e1 \u00ed \u00fev\u00ed samhengi nefna h\u00e1tt ver\u00f0 \u00e1\u00a0 vistv\u00e6num \u00f6kut\u00e6kjum, h\u00e6ga endurn\u00fdjun b\u00edlaflotans, skorti \u00e1 innvi\u00f0um og \u00f3vissu um hva\u00f0a orkugjafi\/ar ver\u00f0i ofan \u00e1. L\u00f6g\u00f0 er \u00e1hersla \u00e1 a\u00f0 stj\u00f3rnv\u00f6ld sty\u00f0ji vel vi\u00f0 \u00fer\u00f3unina \u00e1 fyrstu stigum\u00a0 orkuskipta.\u00a0 Li\u00f0ur \u00ed \u00fev\u00ed er a\u00f0 tryggja a\u00f0 t\u00edmabil \u00edvilnana ver\u00f0i til \u00e1kve\u00f0ins langs t\u00edma svo dregi\u00f0 ver\u00f0i \u00far \u00f3vissu \u00feeirra sem taka \u00fe\u00e1tt \u00ed uppbyggingu orkuskipta. \u00dev\u00ed er l\u00f6g\u00f0 fram tillaga um a\u00f0 \u00edvilnanir \u00e1 svi\u00f0i orkuskipta komi ekki til endursko\u00f0unar fyrr en \u00ed fyrsta lagi \u00e1ri\u00f0 2020. Komi \u00feessi a\u00f0ger\u00f0a\u00e1\u00e6tlun til framkv\u00e6mda er stigi\u00f0 st\u00f3rt skref me\u00f0 stefnum\u00f3tun \u00e1 svi\u00f0i orkuskipta h\u00e9r \u00e1 landi.<\/p>\n<p>\u00cd verkefnisstj\u00f3rn eru Sverrir Vi\u00f0ar Hauksson forma\u00f0ur\u00a0f.h. i\u00f0na\u00f0arr\u00e1\u00f0uneytis og B\u00edlgreinasambandsins, Brynd\u00eds Sk\u00falad\u00f3ttir f.h. Samtaka i\u00f0na\u00f0arins, Danfr\u00ed\u00f0ur Skarph\u00e9\u00f0insd\u00f3ttir f.h. umhverfisr\u00e1\u00f0uneytis, \u00cdris Baldursd\u00f3ttir f.h. Samorku, Magn\u00fas \u00c1sgeirsson f.h. Samtaka verslunar og \u00fej\u00f3nustu, \u00d3lafur Bjarnason f.h. Sambands \u00edslenskra sveitarf\u00e9laga, Run\u00f3lfur \u00d3lafsson f.h. F\u00cdB, \u00deorsteinn R\u00fanar Hermannsson f.h. innanr\u00edkisr\u00e1\u00f0uneytis, \u00d6gmundur Hrafn Magn\u00fasson f.h. fj\u00e1rm\u00e1lar\u00e1\u00f0uneytis<\/p>\n<p>Verkefnisstj\u00f3ri er \u00c1g\u00fasta S. Loftsd\u00f3ttir Orkustofnun<\/p>\n<p>Me\u00f0 verkefnisstj\u00f3rn starfa Erla Sigr\u00ed\u00f0ur Gestsd\u00f3ttir f.h. i\u00f0na\u00f0arr\u00e1\u00f0uneytis og Kolbeinn Marteinsson f.h. i\u00f0na\u00f0arr\u00e1\u00f0herra.<\/p>\n<p><a title=\"Tengill \u00ed sk\u00fdrsluna Orkuskipti \u00ed samg\u00f6ngum\" href=\"https:\/\/graenaorkan.is.w7.nethonnun.is\/wp-content\/uploads\/2011\/10\/Sk%C3%BDrsla-Gr%C3%A6nu-orkunnar-22.11.2011.pdf\">Tengill \u00ed sk\u00fdrsluna<\/a><\/p>\n<p>&nbsp;<\/p>\n","protected":false},"excerpt":{"rendered":"<p>Verkefnisstj\u00f3rn Gr\u00e6nu orkunnar afhenti \u00ed dag sk\u00fdrslu um \u00fea\u00f0 hvernig best ver\u00f0i sta\u00f0i\u00f0 a\u00f0 orkuskiptum \u00ed samg\u00f6ngum. Stj\u00f3rnv\u00f6ld hafa sett s\u00e9r \u00fea\u00f0 markmi\u00f0 a\u00f0 \u00e1ri\u00f0 2020 komi 10% \u00feeirrar orku sem notu\u00f0 er \u00ed samg\u00f6ngut\u00e6kjum fr\u00e1\u00a0endurn\u00fdjanlegum orkugj\u00f6fum. \u00deetta er metna\u00f0arfullt &hellip; <a href=\"https:\/\/graenaorkan.is\/?p=298\">Continue reading <span class=\"meta-nav\">&rarr;<\/span><\/a><\/p>\n","protected":false},"author":5,"featured_media":303,"comment_status":"open","ping_status":"open","sticky":false,"template":"","format":"standard","meta":[],"categories":[1],"tags":[],"_links":{"self":[{"href":"https:\/\/graenaorkan.is\/index.php?rest_route=\/wp\/v2\/posts\/298"}],"collection":[{"href":"https:\/\/graenaorkan.is\/index.php?rest_route=\/wp\/v2\/posts"}],"about":[{"href":"https:\/\/graenaorkan.is\/index.php?rest_route=\/wp\/v2\/types\/post"}],"author":[{"embeddable":true,"href":"https:\/\/graenaorkan.is\/index.php?rest_route=\/wp\/v2\/users\/5"}],"replies":[{"embeddable":true,"href":"https:\/\/graenaorkan.is\/index.php?rest_route=%2Fwp%2Fv2%2Fcomments&post=298"}],"version-history":[{"count":10,"href":"https:\/\/graenaorkan.is\/index.php?rest_route=\/wp\/v2\/posts\/298\/revisions"}],"predecessor-version":[{"id":301,"href":"https:\/\/graenaorkan.is\/index.php?rest_route=\/wp\/v2\/posts\/298\/revisions\/301"}],"wp:featuredmedia":[{"embeddable":true,"href":"https:\/\/graenaorkan.is\/index.php?rest_route=\/wp\/v2\/media\/303"}],"wp:attachment":[{"href":"https:\/\/graenaorkan.is\/index.php?rest_route=%2Fwp%2Fv2%2Fmedia&parent=298"}],"wp:term":[{"taxonomy":"category","embeddable":true,"href":"https:\/\/graenaorkan.is\/index.php?rest_route=%2Fwp%2Fv2%2Fcategories&post=298"},{"taxonomy":"post_tag","embeddable":true,"href":"https:\/\/graenaorkan.is\/index.php?rest_route=%2Fwp%2Fv2%2Ftags&post=298"}],"curies":[{"name":"wp","href":"https:\/\/api.w.org\/{rel}","templated":true}]}}