{"id":322,"date":"2012-04-24T13:59:31","date_gmt":"2012-04-24T13:59:31","guid":{"rendered":"http:\/\/graenaorkan.is\/?p=322"},"modified":"2012-04-24T13:59:31","modified_gmt":"2012-04-24T13:59:31","slug":"adalfundur-graenu-orkunnar-2012","status":"publish","type":"post","link":"https:\/\/graenaorkan.is\/?p=322","title":{"rendered":"A\u00f0alfundur Gr\u00e6nu Orkunnar 2012"},"content":{"rendered":"<p>&nbsp;<\/p>\n<p>A\u00f0alfundur Gr\u00e6nu Orkunnar er bo\u00f0a\u00f0ur \u00feann <strong>3. Ma\u00ed<\/strong> n\u00e6stkomandi.<\/p>\n<p>Fundurinn ver\u00f0ur haldinn \u00ed h\u00fasakynnum <strong>Orkugar\u00f0s, Grens\u00e1svegi 9 fr\u00e1 15:00-17:00.<\/strong><\/p>\n<p>Frekari uppl\u00fdsingar og dagskr\u00e1 fundarins ver\u00f0ur birt s\u00ed\u00f0ar.<\/p>\n<p>&nbsp;<\/p>\n<p>&nbsp;<\/p>\n","protected":false},"excerpt":{"rendered":"<p>&nbsp; A\u00f0alfundur Gr\u00e6nu Orkunnar er bo\u00f0a\u00f0ur \u00feann 3. Ma\u00ed n\u00e6stkomandi. Fundurinn ver\u00f0ur haldinn \u00ed h\u00fasakynnum Orkugar\u00f0s, Grens\u00e1svegi 9 fr\u00e1 15:00-17:00. Frekari uppl\u00fdsingar og dagskr\u00e1 fundarins ver\u00f0ur birt s\u00ed\u00f0ar. &nbsp; &nbsp;<\/p>\n","protected":false},"author":5,"featured_media":0,"comment_status":"open","ping_status":"open","sticky":false,"template":"","format":"standard","meta":[],"categories":[1],"tags":[],"_links":{"self":[{"href":"https:\/\/graenaorkan.is\/index.php?rest_route=\/wp\/v2\/posts\/322"}],"collection":[{"href":"https:\/\/graenaorkan.is\/index.php?rest_route=\/wp\/v2\/posts"}],"about":[{"href":"https:\/\/graenaorkan.is\/index.php?rest_route=\/wp\/v2\/types\/post"}],"author":[{"embeddable":true,"href":"https:\/\/graenaorkan.is\/index.php?rest_route=\/wp\/v2\/users\/5"}],"replies":[{"embeddable":true,"href":"https:\/\/graenaorkan.is\/index.php?rest_route=%2Fwp%2Fv2%2Fcomments&post=322"}],"version-history":[{"count":4,"href":"https:\/\/graenaorkan.is\/index.php?rest_route=\/wp\/v2\/posts\/322\/revisions"}],"predecessor-version":[{"id":326,"href":"https:\/\/graenaorkan.is\/index.php?rest_route=\/wp\/v2\/posts\/322\/revisions\/326"}],"wp:attachment":[{"href":"https:\/\/graenaorkan.is\/index.php?rest_route=%2Fwp%2Fv2%2Fmedia&parent=322"}],"wp:term":[{"taxonomy":"category","embeddable":true,"href":"https:\/\/graenaorkan.is\/index.php?rest_route=%2Fwp%2Fv2%2Fcategories&post=322"},{"taxonomy":"post_tag","embeddable":true,"href":"https:\/\/graenaorkan.is\/index.php?rest_route=%2Fwp%2Fv2%2Ftags&post=322"}],"curies":[{"name":"wp","href":"https:\/\/api.w.org\/{rel}","templated":true}]}}