{"id":327,"date":"2012-05-07T11:12:41","date_gmt":"2012-05-07T11:12:41","guid":{"rendered":"http:\/\/graenaorkan.is\/?p=327"},"modified":"2012-05-07T11:12:41","modified_gmt":"2012-05-07T11:12:41","slug":"adalfundur-graenu-orkunnar-ny-stjorn-kynnt","status":"publish","type":"post","link":"https:\/\/graenaorkan.is\/?p=327","title":{"rendered":"A\u00f0alfundur Gr\u00e6nu Orkunnar &#8211; n\u00fd stj\u00f3rn kynnt"},"content":{"rendered":"<p>A\u00f0alfundur Gr\u00e6nu Orkunnar var haldinn fimmtudaginn 3. Ma\u00ed s\u00ed\u00f0astli\u00f0inn.<\/p>\n<p>\u00c1 fundinn m\u00e6ttu a\u00f0illar fr\u00e1 um 30 a\u00f0ildarsamt\u00f6kum auk \u00e1hugasamra einstaklinga.<\/p>\n<p>Kosi\u00f0 var \u00ed n\u00fdja stj\u00f3rn Gr\u00e6nu Orkunnar en alls voru 12 frambj\u00f3\u00f0endur fr\u00e1 einkageiranum.<\/p>\n<p>H\u00e9r me\u00f0 er \u00fev\u00ed n\u00fd stj\u00f3rn kynnt:<\/p>\n<p><strong>Verkefnisstj\u00f3ri<\/strong><\/p>\n<p>&#8211; J\u00f3n Bj\u00f6rn Sk\u00falason, \u00cdslensk N\u00fdOrka<\/p>\n<p><strong>Fyrir h\u00f6nd r\u00edkisins<\/strong><\/p>\n<p>&#8211; Erla Sigr\u00ed\u00f0ur Gestsd\u00f3ttir, I\u00f0na\u00f0arr\u00e1\u00f0uneyti\u00f0<\/p>\n<p>&#8211; Kolbeinn Marteinsson, I\u00f0na\u00f0arr\u00e1\u00f0uneyti\u00f0<\/p>\n<p>&#8211; \u00deorsteinn R. Hermannsson, Innanr\u00edkisr\u00e1\u00f0uneyti\u00f0<\/p>\n<p>&#8211; \u00d6gmundur Hrafn Magn\u00fasson, Fj\u00e1rm\u00e1lar\u00e1\u00f0uneyti\u00f0<\/p>\n<p><strong>Fyrir h\u00f6nd einkageirans<\/strong><\/p>\n<p>&#8211; Brynd\u00eds Sk\u00falad\u00f3ttir, Samt\u00f6k I\u00f0na\u00f0arins<\/p>\n<p>&#8211; Magn\u00fas \u00c1sgeirsson, Samt\u00f6k verslunar og \u00fej\u00f3nustu<\/p>\n<p>&#8211; Sverrir Vi\u00f0ar Hauksson, B\u00edlgreinasambandi\u00f0<\/p>\n<p>&#8211; Teitur Gunnarsson, Mannvit<\/p>\n<p>&nbsp;<\/p>\n<p>Vi\u00f0 viljum auk \u00feess benda \u00e1hugas\u00f6mum \u00e1 n\u00fdstofna\u00f0a s\u00ed\u00f0u Gr\u00e6nu Orkunnar \u00e1 facebook: <a title=\"http:\/\/www.facebook.com\/graenaorkan\" href=\"http:\/\/www.facebook.com\/graenaorkan\" target=\"_blank\">http:\/\/www.facebook.com\/graenaorkan<\/a><\/p>\n<p>&nbsp;<\/p>\n","protected":false},"excerpt":{"rendered":"<p>A\u00f0alfundur Gr\u00e6nu Orkunnar var haldinn fimmtudaginn 3. Ma\u00ed s\u00ed\u00f0astli\u00f0inn. \u00c1 fundinn m\u00e6ttu a\u00f0illar fr\u00e1 um 30 a\u00f0ildarsamt\u00f6kum auk \u00e1hugasamra einstaklinga. Kosi\u00f0 var \u00ed n\u00fdja stj\u00f3rn Gr\u00e6nu Orkunnar en alls voru 12 frambj\u00f3\u00f0endur fr\u00e1 einkageiranum. H\u00e9r me\u00f0 er \u00fev\u00ed n\u00fd stj\u00f3rn &hellip; <a href=\"https:\/\/graenaorkan.is\/?p=327\">Continue reading <span class=\"meta-nav\">&rarr;<\/span><\/a><\/p>\n","protected":false},"author":5,"featured_media":0,"comment_status":"open","ping_status":"open","sticky":false,"template":"","format":"standard","meta":[],"categories":[1],"tags":[],"_links":{"self":[{"href":"https:\/\/graenaorkan.is\/index.php?rest_route=\/wp\/v2\/posts\/327"}],"collection":[{"href":"https:\/\/graenaorkan.is\/index.php?rest_route=\/wp\/v2\/posts"}],"about":[{"href":"https:\/\/graenaorkan.is\/index.php?rest_route=\/wp\/v2\/types\/post"}],"author":[{"embeddable":true,"href":"https:\/\/graenaorkan.is\/index.php?rest_route=\/wp\/v2\/users\/5"}],"replies":[{"embeddable":true,"href":"https:\/\/graenaorkan.is\/index.php?rest_route=%2Fwp%2Fv2%2Fcomments&post=327"}],"version-history":[{"count":4,"href":"https:\/\/graenaorkan.is\/index.php?rest_route=\/wp\/v2\/posts\/327\/revisions"}],"predecessor-version":[{"id":331,"href":"https:\/\/graenaorkan.is\/index.php?rest_route=\/wp\/v2\/posts\/327\/revisions\/331"}],"wp:attachment":[{"href":"https:\/\/graenaorkan.is\/index.php?rest_route=%2Fwp%2Fv2%2Fmedia&parent=327"}],"wp:term":[{"taxonomy":"category","embeddable":true,"href":"https:\/\/graenaorkan.is\/index.php?rest_route=%2Fwp%2Fv2%2Fcategories&post=327"},{"taxonomy":"post_tag","embeddable":true,"href":"https:\/\/graenaorkan.is\/index.php?rest_route=%2Fwp%2Fv2%2Ftags&post=327"}],"curies":[{"name":"wp","href":"https:\/\/api.w.org\/{rel}","templated":true}]}}