{"id":339,"date":"2012-05-11T10:38:56","date_gmt":"2012-05-11T10:38:56","guid":{"rendered":"http:\/\/graenaorkan.is\/?p=339"},"modified":"2012-05-11T10:38:56","modified_gmt":"2012-05-11T10:38:56","slug":"idnadarraduneytid-lanar-rikisstofnunum-rafbil","status":"publish","type":"post","link":"https:\/\/graenaorkan.is\/?p=339","title":{"rendered":"I\u00f0na\u00f0arr\u00e1\u00f0uneyti\u00f0 l\u00e1nar r\u00edkisstofnunum rafb\u00edl"},"content":{"rendered":"<p>I\u00f0na\u00f0arr\u00e1\u00f0uneyti\u00f0 mun n\u00fa \u00e1 vorm\u00e1nu\u00f0um l\u00e1na rafb\u00edl af Mitsubishi MiEV ger\u00f0 til \u00feeirra r\u00edkisstofnanna sem \u00feess \u00f3ska.<\/p>\n<p>Um er a\u00f0 r\u00e6\u00f0a rafb\u00edl sem r\u00e1\u00f0uneyti\u00f0 keypti \u00e1ri\u00f0 2010 og nota\u00f0i um skamma hr\u00ed\u00f0. Undanfari\u00f0 hefur rafb\u00edllinn veri\u00f0 sta\u00f0settur \u00e1 Akureyri \u00fear sem hann hefur veri\u00f0 nota\u00f0ur til ranns\u00f3kna af Orkusetri \u00ed samvinnu vi\u00f0 Orkustofnun. Rafb\u00edllinn er fj\u00f6gurra manna og hefur um 60-70 km dr\u00e6gni \u00e1 einni hle\u00f0slu.<\/p>\n<p><a href=\"http:\/\/www.idnadarraduneyti.is\/frettir\/frettatilkynningar\/nr\/3533\">Sj\u00e1 fr\u00e9ttina \u00ed heild sinni h\u00e9r.<\/a><\/p>\n","protected":false},"excerpt":{"rendered":"<p>I\u00f0na\u00f0arr\u00e1\u00f0uneyti\u00f0 mun n\u00fa \u00e1 vorm\u00e1nu\u00f0um l\u00e1na rafb\u00edl af Mitsubishi MiEV ger\u00f0 til \u00feeirra r\u00edkisstofnanna sem \u00feess \u00f3ska. Um er a\u00f0 r\u00e6\u00f0a rafb\u00edl sem r\u00e1\u00f0uneyti\u00f0 keypti \u00e1ri\u00f0 2010 og nota\u00f0i um skamma hr\u00ed\u00f0. Undanfari\u00f0 hefur rafb\u00edllinn veri\u00f0 sta\u00f0settur \u00e1 Akureyri \u00fear &hellip; <a href=\"https:\/\/graenaorkan.is\/?p=339\">Continue reading <span class=\"meta-nav\">&rarr;<\/span><\/a><\/p>\n","protected":false},"author":5,"featured_media":0,"comment_status":"open","ping_status":"open","sticky":false,"template":"","format":"standard","meta":[],"categories":[1],"tags":[],"_links":{"self":[{"href":"https:\/\/graenaorkan.is\/index.php?rest_route=\/wp\/v2\/posts\/339"}],"collection":[{"href":"https:\/\/graenaorkan.is\/index.php?rest_route=\/wp\/v2\/posts"}],"about":[{"href":"https:\/\/graenaorkan.is\/index.php?rest_route=\/wp\/v2\/types\/post"}],"author":[{"embeddable":true,"href":"https:\/\/graenaorkan.is\/index.php?rest_route=\/wp\/v2\/users\/5"}],"replies":[{"embeddable":true,"href":"https:\/\/graenaorkan.is\/index.php?rest_route=%2Fwp%2Fv2%2Fcomments&post=339"}],"version-history":[{"count":2,"href":"https:\/\/graenaorkan.is\/index.php?rest_route=\/wp\/v2\/posts\/339\/revisions"}],"predecessor-version":[{"id":341,"href":"https:\/\/graenaorkan.is\/index.php?rest_route=\/wp\/v2\/posts\/339\/revisions\/341"}],"wp:attachment":[{"href":"https:\/\/graenaorkan.is\/index.php?rest_route=%2Fwp%2Fv2%2Fmedia&parent=339"}],"wp:term":[{"taxonomy":"category","embeddable":true,"href":"https:\/\/graenaorkan.is\/index.php?rest_route=%2Fwp%2Fv2%2Fcategories&post=339"},{"taxonomy":"post_tag","embeddable":true,"href":"https:\/\/graenaorkan.is\/index.php?rest_route=%2Fwp%2Fv2%2Ftags&post=339"}],"curies":[{"name":"wp","href":"https:\/\/api.w.org\/{rel}","templated":true}]}}