{"id":342,"date":"2012-05-16T14:38:26","date_gmt":"2012-05-16T14:38:26","guid":{"rendered":"http:\/\/graenaorkan.is\/?p=342"},"modified":"2012-05-16T16:10:09","modified_gmt":"2012-05-16T16:10:09","slug":"graena-orkan-fundar-a-akureyri","status":"publish","type":"post","link":"https:\/\/graenaorkan.is\/?p=342","title":{"rendered":"Gr\u00e6na orkan fundar \u00e1 Akureyri"},"content":{"rendered":"<p>Gr\u00e6na orkan st\u00f3\u00f0 fyrir opnum fundi \u00ed samvinnu vi\u00f0 Orkusetur \u00ed H\u00e1sk\u00f3lanum \u00e1 Akureyri \u00feri\u00f0judaginn 15 mai sl.<\/p>\n<p><img decoding=\"async\" loading=\"lazy\" class=\"size-medium wp-image-352 aligncenter\" title=\"Akureyri\" src=\"https:\/\/graenaorkan.is\/wp-content\/uploads\/2012\/05\/2012-05-15-10.18.41-300x225.jpg\" alt=\"Mynd fr\u00e1 fundi Gr\u00e6nu Orkunnar \u00e1 Akureyri 15.05.2012\" width=\"180\" height=\"135\" srcset=\"https:\/\/graenaorkan.is\/wp-content\/uploads\/2012\/05\/2012-05-15-10.18.41-300x225.jpg 300w, https:\/\/graenaorkan.is\/wp-content\/uploads\/2012\/05\/2012-05-15-10.18.41-1024x768.jpg 1024w, https:\/\/graenaorkan.is\/wp-content\/uploads\/2012\/05\/2012-05-15-10.18.41-266x200.jpg 266w\" sizes=\"(max-width: 180px) 100vw, 180px\" \/><\/p>\n<p>Fundurinn sem bar heiti\u00f0 Orkuskipti \u00ed samg\u00f6ngum var einkar \u00e1hugaver\u00f0ur og \u00e1g\u00e6tlega s\u00f3ttur. \u00a0Kolbeinn Marteinsson forma\u00f0ur Gr\u00e6nu orkunar setti fundinn og fjalla\u00f0i \u00ed kj\u00f6lfari\u00f0 um hugmyndafr\u00e6\u00f0ina og stefnuna a\u00f0 baki Gr\u00e6nu orkunnar og hvar \u00e1herlsan liggi \u00ed framt\u00ed\u00f0inni. Sigur\u00f0ur Ingi hj\u00e1 Orkusetri fjalla\u00f0i um orkun\u00fdtni \u00a0 \u00ed samg\u00f6ngum og rakti j\u00e1kv\u00e6\u00f0ar breytingar \u00e1 innkaupaheg\u00f0un \u00cdslendinga \u00ed kj\u00f6lfar skattalagabreytinga \u00e1 n\u00fdjum bifrei\u00f0um.<\/p>\n<p>J\u00f3hann \u00d6rlygsson fr\u00e1 H\u00e1sk\u00f3lanum \u00e1 Akureyri fjalla\u00f0i um ranns\u00f3knir H\u00e1sk\u00f3lans \u00e1 Etan\u00f3li og m\u00f6gulega framei\u00f0slu \u00feess h\u00e9r \u00e1 landi. Samkv\u00e6mt J\u00f3hanni er m\u00f6gulegt a\u00f0 framlei\u00f0a Etan\u00f3l til \u00edbl\u00f6ndunar \u00ed bens\u00edn \u00far \u00edslenskum l\u00edfmassa og standa frekari ranns\u00f3knir yfir. \u00a0A\u00f0 endingu kom Freyr Ing\u00f3lfsson fr\u00e1 Mannviti og fjalla\u00f0i um m\u00f6guleika \u00cdslendinga til Metan og l\u00edfd\u00edselsframlei\u00f0slu. \u00cd m\u00e1li \u00a0Freys kom fram a\u00f0 spennandi t\u00e6kif\u00e6ri eru fyrir hendi \u00ed framlei\u00f0slu \u00e1 \u00feessum orkugj\u00f6fum. A\u00f0 endingu var fyrirspurnum svara\u00f0.<\/p>\n","protected":false},"excerpt":{"rendered":"<p>Gr\u00e6na orkan st\u00f3\u00f0 fyrir opnum fundi \u00ed samvinnu vi\u00f0 Orkusetur \u00ed H\u00e1sk\u00f3lanum \u00e1 Akureyri \u00feri\u00f0judaginn 15 mai sl. Fundurinn sem bar heiti\u00f0 Orkuskipti \u00ed samg\u00f6ngum var einkar \u00e1hugaver\u00f0ur og \u00e1g\u00e6tlega s\u00f3ttur. \u00a0Kolbeinn Marteinsson forma\u00f0ur Gr\u00e6nu orkunar setti fundinn og fjalla\u00f0i &hellip; <a href=\"https:\/\/graenaorkan.is\/?p=342\">Continue reading <span class=\"meta-nav\">&rarr;<\/span><\/a><\/p>\n","protected":false},"author":5,"featured_media":0,"comment_status":"open","ping_status":"open","sticky":false,"template":"","format":"standard","meta":[],"categories":[1],"tags":[],"_links":{"self":[{"href":"https:\/\/graenaorkan.is\/index.php?rest_route=\/wp\/v2\/posts\/342"}],"collection":[{"href":"https:\/\/graenaorkan.is\/index.php?rest_route=\/wp\/v2\/posts"}],"about":[{"href":"https:\/\/graenaorkan.is\/index.php?rest_route=\/wp\/v2\/types\/post"}],"author":[{"embeddable":true,"href":"https:\/\/graenaorkan.is\/index.php?rest_route=\/wp\/v2\/users\/5"}],"replies":[{"embeddable":true,"href":"https:\/\/graenaorkan.is\/index.php?rest_route=%2Fwp%2Fv2%2Fcomments&post=342"}],"version-history":[{"count":6,"href":"https:\/\/graenaorkan.is\/index.php?rest_route=\/wp\/v2\/posts\/342\/revisions"}],"predecessor-version":[{"id":356,"href":"https:\/\/graenaorkan.is\/index.php?rest_route=\/wp\/v2\/posts\/342\/revisions\/356"}],"wp:attachment":[{"href":"https:\/\/graenaorkan.is\/index.php?rest_route=%2Fwp%2Fv2%2Fmedia&parent=342"}],"wp:term":[{"taxonomy":"category","embeddable":true,"href":"https:\/\/graenaorkan.is\/index.php?rest_route=%2Fwp%2Fv2%2Fcategories&post=342"},{"taxonomy":"post_tag","embeddable":true,"href":"https:\/\/graenaorkan.is\/index.php?rest_route=%2Fwp%2Fv2%2Ftags&post=342"}],"curies":[{"name":"wp","href":"https:\/\/api.w.org\/{rel}","templated":true}]}}