{"id":357,"date":"2012-07-04T11:23:48","date_gmt":"2012-07-04T11:23:48","guid":{"rendered":"http:\/\/graenaorkan.is\/?p=357"},"modified":"2012-07-04T11:23:48","modified_gmt":"2012-07-04T11:23:48","slug":"mikilvaegt-skref-i-samkeppnishaefni-visthaefra-okutaekja","status":"publish","type":"post","link":"https:\/\/graenaorkan.is\/?p=357","title":{"rendered":"Mikilv\u00e6gt skref \u00ed samkeppnish\u00e6fni visth\u00e6fra \u00f6kut\u00e6kja"},"content":{"rendered":"<p>Al\u00feingi sam\u00feykkti \u00feann 19. J\u00fan\u00ed a\u00f0 fella t\u00edmabundi\u00f0 (til lok \u00e1rs 2013) ni\u00f0ur vir\u00f0isaukaskatt af rafb\u00edlum og vetnisb\u00edlum. \u00cdsland er framarlega \u00ed \u00feessum m\u00e1lum, en \u00fea\u00f0 er anna\u00f0 landi\u00f0 \u00ed heiminum, \u00e1 eftir Noregi, til a\u00f0 st\u00edga \u00feetta skref.<\/p>\n<p>L\u00f6gin kve\u00f0a \u00e1 um a\u00f0 tollstj\u00f3ra s\u00e9 heimilt vi\u00f0 tollafgrei\u00f0slu a\u00f0 fella ni\u00f0ur vir\u00f0isaukaskatt af rafmagns- e\u00f0a vetnisbifrei\u00f0 a\u00f0 h\u00e1marki 1.530.000 kr. og af tengiltvinnbifrei\u00f0 a\u00f0 h\u00e1marki 1.020.000 kr.<\/p>\n<p>H\u00e6gt er a\u00f0 finna n\u00e1nari uppl\u00fdsingar um \u00feetta br\u00e1\u00f0abirg\u00f0a \u00e1kv\u00e6\u00f0i \u00e1\u00a0<a href=\"http:\/\/www.althingi.is\/altext\/140\/s\/1656.html\">vefs\u00ed\u00f0u Al\u00feingis.<\/a><\/p>\n<p>Me\u00f0 \u00feessari ni\u00f0urfellingu auk \u00feeirra breytinga sem ur\u00f0u \u00e1 v\u00f6rugj\u00f6ldum \u00ed byrjun \u00e1rs 2011, er veri\u00f0 a\u00f0 stu\u00f0la a\u00f0 aukinni samkeppnish\u00e6fni visth\u00e6fra \u00f6kut\u00e6kja \u00e1 \u00edslenskum marka\u00f0i.<\/p>\n","protected":false},"excerpt":{"rendered":"<p>Al\u00feingi sam\u00feykkti \u00feann 19. J\u00fan\u00ed a\u00f0 fella t\u00edmabundi\u00f0 (til lok \u00e1rs 2013) ni\u00f0ur vir\u00f0isaukaskatt af rafb\u00edlum og vetnisb\u00edlum. \u00cdsland er framarlega \u00ed \u00feessum m\u00e1lum, en \u00fea\u00f0 er anna\u00f0 landi\u00f0 \u00ed heiminum, \u00e1 eftir Noregi, til a\u00f0 st\u00edga \u00feetta skref. L\u00f6gin &hellip; <a href=\"https:\/\/graenaorkan.is\/?p=357\">Continue reading <span class=\"meta-nav\">&rarr;<\/span><\/a><\/p>\n","protected":false},"author":5,"featured_media":0,"comment_status":"open","ping_status":"open","sticky":false,"template":"","format":"standard","meta":[],"categories":[1],"tags":[],"_links":{"self":[{"href":"https:\/\/graenaorkan.is\/index.php?rest_route=\/wp\/v2\/posts\/357"}],"collection":[{"href":"https:\/\/graenaorkan.is\/index.php?rest_route=\/wp\/v2\/posts"}],"about":[{"href":"https:\/\/graenaorkan.is\/index.php?rest_route=\/wp\/v2\/types\/post"}],"author":[{"embeddable":true,"href":"https:\/\/graenaorkan.is\/index.php?rest_route=\/wp\/v2\/users\/5"}],"replies":[{"embeddable":true,"href":"https:\/\/graenaorkan.is\/index.php?rest_route=%2Fwp%2Fv2%2Fcomments&post=357"}],"version-history":[{"count":2,"href":"https:\/\/graenaorkan.is\/index.php?rest_route=\/wp\/v2\/posts\/357\/revisions"}],"predecessor-version":[{"id":359,"href":"https:\/\/graenaorkan.is\/index.php?rest_route=\/wp\/v2\/posts\/357\/revisions\/359"}],"wp:attachment":[{"href":"https:\/\/graenaorkan.is\/index.php?rest_route=%2Fwp%2Fv2%2Fmedia&parent=357"}],"wp:term":[{"taxonomy":"category","embeddable":true,"href":"https:\/\/graenaorkan.is\/index.php?rest_route=%2Fwp%2Fv2%2Fcategories&post=357"},{"taxonomy":"post_tag","embeddable":true,"href":"https:\/\/graenaorkan.is\/index.php?rest_route=%2Fwp%2Fv2%2Ftags&post=357"}],"curies":[{"name":"wp","href":"https:\/\/api.w.org\/{rel}","templated":true}]}}