{"id":368,"date":"2012-08-28T15:18:58","date_gmt":"2012-08-28T15:18:58","guid":{"rendered":"http:\/\/graenaorkan.is\/?p=368"},"modified":"2012-08-28T15:18:58","modified_gmt":"2012-08-28T15:18:58","slug":"radstefna-4-oktober-2012","status":"publish","type":"post","link":"https:\/\/graenaorkan.is\/?p=368","title":{"rendered":"R\u00e1\u00f0stefna 4. Okt\u00f3ber 2012"},"content":{"rendered":"<p>Vi\u00f0 viljum benda ykkur \u00e1 r\u00e1\u00f0stefnu sem ver\u00f0u haldin \u00ed h\u00fasi Orkuveitu Reykjav\u00edkur \u00feann <strong>4. Okt\u00f3ber 2012.<\/strong>\u00a0\u00deetta er einstakt t\u00e6kif\u00e6ri til a\u00f0 f\u00e1 uppl\u00fdsingar um framgang m\u00e1la \u00e1 hinum nor\u00f0url\u00f6ndunum en \u00feau verkefni sem koma a\u00f0 r\u00e1\u00f0stefnunni eru INTELECT, No-Slone, RekkEVidde (\u00f6ll styrkt af norr\u00e6nu ,Energy and Transport&#8217; \u00e1\u00e6tluninni) og NAHA.<\/p>\n<p>R\u00e1\u00f0stefnan ber yfirskriftina &#8216;<strong>Electromobility in the North Atlantic Regions&#8217;<\/strong>\u00a0og er skipul\u00f6g\u00f0 af \u00cdslenskri N\u00fdOrku, Gr\u00e6nu Orkunni og ofangreindum verkefnum<a href=\"https:\/\/graenaorkan.is\/wp-content\/uploads\/2012\/08\/Workshop-Electromobility-in-Iceland-041012.pdf\"> (sj\u00e1 frekari uppl\u00fdsingar h\u00e9r)<\/a><\/p>\n<p>Skr\u00e1ningargjald er eftirfarandi:<\/p>\n<p>Fyrir 20.september \u00a0 \u00a0 \u00a0 9.900 kr<\/p>\n<p>Eftir 20.september \u00a0 \u00a0 \u00a0 13.900 kr<\/p>\n<p>\u00c1hugasamir eru be\u00f0nir um a\u00f0 senda skr\u00e1ningu \u00e1 glk@newenergy.is me\u00f0 uppl\u00fdsingum um Nafn, t\u00f6lvufang og reiknisuppl\u00fdsingar (reikningar ver\u00f0a sendir \u00fat \u00feegar skr\u00e1ning er m\u00f3ttekin).<\/p>\n<p>Vi\u00f0 hvetjum ykkur eindregi\u00f0 til a\u00f0 l\u00e1ta \u00feetta t\u00e6kif\u00e6ri ekki framhj\u00e1 ykkur fara!<\/p>\n","protected":false},"excerpt":{"rendered":"<p>Vi\u00f0 viljum benda ykkur \u00e1 r\u00e1\u00f0stefnu sem ver\u00f0u haldin \u00ed h\u00fasi Orkuveitu Reykjav\u00edkur \u00feann 4. Okt\u00f3ber 2012.\u00a0\u00deetta er einstakt t\u00e6kif\u00e6ri til a\u00f0 f\u00e1 uppl\u00fdsingar um framgang m\u00e1la \u00e1 hinum nor\u00f0url\u00f6ndunum en \u00feau verkefni sem koma a\u00f0 r\u00e1\u00f0stefnunni eru INTELECT, No-Slone, &hellip; <a href=\"https:\/\/graenaorkan.is\/?p=368\">Continue reading <span class=\"meta-nav\">&rarr;<\/span><\/a><\/p>\n","protected":false},"author":5,"featured_media":0,"comment_status":"open","ping_status":"open","sticky":false,"template":"","format":"standard","meta":[],"categories":[1],"tags":[],"_links":{"self":[{"href":"https:\/\/graenaorkan.is\/index.php?rest_route=\/wp\/v2\/posts\/368"}],"collection":[{"href":"https:\/\/graenaorkan.is\/index.php?rest_route=\/wp\/v2\/posts"}],"about":[{"href":"https:\/\/graenaorkan.is\/index.php?rest_route=\/wp\/v2\/types\/post"}],"author":[{"embeddable":true,"href":"https:\/\/graenaorkan.is\/index.php?rest_route=\/wp\/v2\/users\/5"}],"replies":[{"embeddable":true,"href":"https:\/\/graenaorkan.is\/index.php?rest_route=%2Fwp%2Fv2%2Fcomments&post=368"}],"version-history":[{"count":5,"href":"https:\/\/graenaorkan.is\/index.php?rest_route=\/wp\/v2\/posts\/368\/revisions"}],"predecessor-version":[{"id":374,"href":"https:\/\/graenaorkan.is\/index.php?rest_route=\/wp\/v2\/posts\/368\/revisions\/374"}],"wp:attachment":[{"href":"https:\/\/graenaorkan.is\/index.php?rest_route=%2Fwp%2Fv2%2Fmedia&parent=368"}],"wp:term":[{"taxonomy":"category","embeddable":true,"href":"https:\/\/graenaorkan.is\/index.php?rest_route=%2Fwp%2Fv2%2Fcategories&post=368"},{"taxonomy":"post_tag","embeddable":true,"href":"https:\/\/graenaorkan.is\/index.php?rest_route=%2Fwp%2Fv2%2Ftags&post=368"}],"curies":[{"name":"wp","href":"https:\/\/api.w.org\/{rel}","templated":true}]}}