{"id":375,"date":"2012-10-03T11:32:43","date_gmt":"2012-10-03T11:32:43","guid":{"rendered":"http:\/\/graenaorkan.is\/?p=375"},"modified":"2012-10-03T11:32:43","modified_gmt":"2012-10-03T11:32:43","slug":"mikil-sala-rafgeymabila-i-noregi","status":"publish","type":"post","link":"https:\/\/graenaorkan.is\/?p=375","title":{"rendered":"Mikil sala rafgeymab\u00edla \u00ed Noregi"},"content":{"rendered":"<p>Sala \u00e1 rafb\u00edlum um allan heim hefur valdi\u00f0 talsver\u00f0um vonbrig\u00f0um hj\u00e1 b\u00edlaframlei\u00f0endum. Neikv\u00e6\u00f0ar fr\u00e9ttir hafa veri\u00f0 \u00ed fj\u00f6lmi\u00f0lum og b\u00edlaframlei\u00f0endur hafa dregi\u00f0 saman framlei\u00f0slu \u00e1 sl\u00edkum b\u00edlum. Eitt land hefur \u00fe\u00f3 mikla s\u00e9rst\u00f6\u00f0u en \u00fea\u00f0 eru fr\u00e6ndur okkar \u00ed Noregi. Salan \u00fear hefur vaxi\u00f0 \u00ed \u00e1r umfram sp\u00e1r. Miklar \u00edvilnanir eru \u00ed gildi fyrir rafb\u00edla \u00ed Noregi sem eflaust hefur mikil \u00e1hrif og hafa margir velt \u00fev\u00ed fyrir s\u00e9r hvort \u00fea\u00f0 s\u00e9 \u00e1st\u00e6\u00f0an e\u00f0a hvort \u00fea\u00f0 s\u00e9 vegna g\u00f3\u00f0s efnahags\u00e1stands. Hverju sem l\u00ed\u00f0ur \u00fe\u00e1 er ekkert land me\u00f0 t\u00e6rnar \u00fear sem Nor\u00f0menn eru me\u00f0 h\u00e6lana var\u00f0andi s\u00f6lu \u00e1 rafb\u00edlum.<\/p>\n<p>Sj\u00e1 n\u00e1nar <a href=\"http:\/\/www.tu.no\/motor\/2012\/10\/02\/hver-tjuende-bil-er-elektrisk\">http:\/\/www.tu.no\/motor\/2012\/10\/02\/hver-tjuende-bil-er-elektrisk<\/a> (r\u00e9tt er a\u00f0 benda \u00e1 a\u00f0 greinin er \u00e1 norsku).<\/p>\n","protected":false},"excerpt":{"rendered":"<p>Sala \u00e1 rafb\u00edlum um allan heim hefur valdi\u00f0 talsver\u00f0um vonbrig\u00f0um hj\u00e1 b\u00edlaframlei\u00f0endum. Neikv\u00e6\u00f0ar fr\u00e9ttir hafa veri\u00f0 \u00ed fj\u00f6lmi\u00f0lum og b\u00edlaframlei\u00f0endur hafa dregi\u00f0 saman framlei\u00f0slu \u00e1 sl\u00edkum b\u00edlum. Eitt land hefur \u00fe\u00f3 mikla s\u00e9rst\u00f6\u00f0u en \u00fea\u00f0 eru fr\u00e6ndur okkar \u00ed Noregi. &hellip; <a href=\"https:\/\/graenaorkan.is\/?p=375\">Continue reading <span class=\"meta-nav\">&rarr;<\/span><\/a><\/p>\n","protected":false},"author":5,"featured_media":0,"comment_status":"open","ping_status":"open","sticky":false,"template":"","format":"standard","meta":[],"categories":[1],"tags":[],"_links":{"self":[{"href":"https:\/\/graenaorkan.is\/index.php?rest_route=\/wp\/v2\/posts\/375"}],"collection":[{"href":"https:\/\/graenaorkan.is\/index.php?rest_route=\/wp\/v2\/posts"}],"about":[{"href":"https:\/\/graenaorkan.is\/index.php?rest_route=\/wp\/v2\/types\/post"}],"author":[{"embeddable":true,"href":"https:\/\/graenaorkan.is\/index.php?rest_route=\/wp\/v2\/users\/5"}],"replies":[{"embeddable":true,"href":"https:\/\/graenaorkan.is\/index.php?rest_route=%2Fwp%2Fv2%2Fcomments&post=375"}],"version-history":[{"count":2,"href":"https:\/\/graenaorkan.is\/index.php?rest_route=\/wp\/v2\/posts\/375\/revisions"}],"predecessor-version":[{"id":377,"href":"https:\/\/graenaorkan.is\/index.php?rest_route=\/wp\/v2\/posts\/375\/revisions\/377"}],"wp:attachment":[{"href":"https:\/\/graenaorkan.is\/index.php?rest_route=%2Fwp%2Fv2%2Fmedia&parent=375"}],"wp:term":[{"taxonomy":"category","embeddable":true,"href":"https:\/\/graenaorkan.is\/index.php?rest_route=%2Fwp%2Fv2%2Fcategories&post=375"},{"taxonomy":"post_tag","embeddable":true,"href":"https:\/\/graenaorkan.is\/index.php?rest_route=%2Fwp%2Fv2%2Ftags&post=375"}],"curies":[{"name":"wp","href":"https:\/\/api.w.org\/{rel}","templated":true}]}}