{"id":886,"date":"2015-01-22T14:47:24","date_gmt":"2015-01-22T14:47:24","guid":{"rendered":"http:\/\/graenaorkan.is\/?p=886"},"modified":"2015-01-22T14:47:24","modified_gmt":"2015-01-22T14:47:24","slug":"nissan-leaf-soluhaesti-rafbill-evropu-arid-2014","status":"publish","type":"post","link":"https:\/\/graenaorkan.is\/?p=886","title":{"rendered":"Nissan Leaf s\u00f6luh\u00e6sti rafb\u00edll Evr\u00f3pu \u00e1ri\u00f0 2014"},"content":{"rendered":"<p>Nissan Leaf seldist \u00ed 14.650 eint\u00f6kum \u00e1ri\u00f0 2014, sem jafngildir 33% s\u00f6luaukningu milli \u00e1ra. Marka\u00f0shlutdeild Leaf nam r\u00edflega fj\u00f3r\u00f0ungi, en alls seldust 56.000 rafb\u00edlar \u00ed Evr\u00f3pu. \u00de\u00e1 var Renault Zoe annar s\u00f6luh\u00e6sti rafb\u00edllinn \u00ed Evr\u00f3pu \u00e1ri\u00f0 2014, me\u00f0 11.227 eint\u00f6k og Tesla Model S seldist \u00ed 8.734 eint\u00f6kum. S\u00f6lu- og marka\u00f0sstj\u00f3ri Nissan, Guillaume Carter, \u00feakkar \u00feetta aukinni vitundarvakningu hva\u00f0 var\u00f0ar sparna\u00f0 \u00ed rekstrarkostna\u00f0i rafb\u00edla \u00ed samanbur\u00f0i vi\u00f0 b\u00edla sem nota jar\u00f0efnaeldsneyti.<\/p>\n<p>Sj\u00e1 n\u00e1nar \u00e1 Evr\u00f3puvef <a href=\"http:\/\/newsroom.nissan-europe.com\/EU\/en-gb\/Media\/Media.aspx?mediaid=128573\">Nissan<\/a>.<\/p>\n","protected":false},"excerpt":{"rendered":"<p>Nissan Leaf seldist \u00ed 14.650 eint\u00f6kum \u00e1ri\u00f0 2014, sem jafngildir 33% s\u00f6luaukningu milli \u00e1ra. Marka\u00f0shlutdeild Leaf nam r\u00edflega fj\u00f3r\u00f0ungi, en alls seldust 56.000 rafb\u00edlar \u00ed Evr\u00f3pu. \u00de\u00e1 var Renault Zoe annar s\u00f6luh\u00e6sti rafb\u00edllinn \u00ed Evr\u00f3pu \u00e1ri\u00f0 2014, me\u00f0 11.227 eint\u00f6k &hellip; <a href=\"https:\/\/graenaorkan.is\/?p=886\">Continue reading <span class=\"meta-nav\">&rarr;<\/span><\/a><\/p>\n","protected":false},"author":5,"featured_media":0,"comment_status":"open","ping_status":"open","sticky":false,"template":"","format":"standard","meta":[],"categories":[3,10],"tags":[],"_links":{"self":[{"href":"https:\/\/graenaorkan.is\/index.php?rest_route=\/wp\/v2\/posts\/886"}],"collection":[{"href":"https:\/\/graenaorkan.is\/index.php?rest_route=\/wp\/v2\/posts"}],"about":[{"href":"https:\/\/graenaorkan.is\/index.php?rest_route=\/wp\/v2\/types\/post"}],"author":[{"embeddable":true,"href":"https:\/\/graenaorkan.is\/index.php?rest_route=\/wp\/v2\/users\/5"}],"replies":[{"embeddable":true,"href":"https:\/\/graenaorkan.is\/index.php?rest_route=%2Fwp%2Fv2%2Fcomments&post=886"}],"version-history":[{"count":2,"href":"https:\/\/graenaorkan.is\/index.php?rest_route=\/wp\/v2\/posts\/886\/revisions"}],"predecessor-version":[{"id":888,"href":"https:\/\/graenaorkan.is\/index.php?rest_route=\/wp\/v2\/posts\/886\/revisions\/888"}],"wp:attachment":[{"href":"https:\/\/graenaorkan.is\/index.php?rest_route=%2Fwp%2Fv2%2Fmedia&parent=886"}],"wp:term":[{"taxonomy":"category","embeddable":true,"href":"https:\/\/graenaorkan.is\/index.php?rest_route=%2Fwp%2Fv2%2Fcategories&post=886"},{"taxonomy":"post_tag","embeddable":true,"href":"https:\/\/graenaorkan.is\/index.php?rest_route=%2Fwp%2Fv2%2Ftags&post=886"}],"curies":[{"name":"wp","href":"https:\/\/api.w.org\/{rel}","templated":true}]}}